{"id":1469,"date":"2020-12-20T17:17:19","date_gmt":"2020-12-20T15:17:19","guid":{"rendered":"https:\/\/kalliopi-anthi.gr\/?p=1469"},"modified":"2020-12-20T17:17:19","modified_gmt":"2020-12-20T15:17:19","slug":"cemu-mam-verit","status":"publish","type":"post","link":"https:\/\/kalliopi-anthi.gr\/cs\/cemu-mam-verit\/","title":{"rendered":"\u010cemu m\u00e1m v\u011b\u0159it?"},"content":{"rendered":"<p><strong>\u00a0<\/strong><\/p>\n<p>\u201e\u010cemu m\u00e1m v\u011b\u0159it?\u201c byl n\u00e1zev on-line semin\u00e1\u0159e, kter\u00fd se uskute\u010dnil v\u00a0listopadu 2020 v \u0158ecku, n\u011bkolik dn\u016f po zah\u00e1jen\u00ed druh\u00e9 karant\u00e9ny. Lid\u00e9, unaven\u00ed po desetilet\u00e9 ekonomick\u00e9 krizi, byli znovu zachv\u00e1ceni nejen strachem z\u00a0nemoci, ale tak\u00e9 finan\u010dn\u00ed nejistotou. V\u011bt\u0161ina z\u00a0nich se \u017eiv\u00ed obchodem nebo turistick\u00fdm ruchem, oboj\u00ed je te\u010f znemo\u017en\u011bno. Pesimismus a zoufal\u00fd hn\u011bv se vzn\u00e1\u0161\u00ed jako temn\u00fd mrak. A vyno\u0159ily se star\u00e9, nevy\u0159e\u0161en\u00e9 osobn\u00ed i kolektivn\u00ed probl\u00e9my, kter\u00e9 v\u00a0dob\u011b prosperity ukonej\u0161en\u011b pod\u0159imovaly&#8230; Kdo se postar\u00e1, kdybych byl nemocn\u00fd a pr\u00e1ce neschopn\u00fd? Co kdy\u017e zkrachuju? \u0158eck\u00fd zdravotn\u00ed a soci\u00e1ln\u00ed syst\u00e9m je u\u017e po desetilet\u00ed v\u00a0plenk\u00e1ch a ne a ne zes\u00edlit&#8230;! Je ten virus tolik nebezpe\u010dn\u00fd, jak se \u0159\u00edk\u00e1 v\u00a0televizi? Ale jak p\u0159e\u017e\u00edt se zav\u0159en\u00fdm kr\u00e1mkem bez dostate\u010dn\u00fdch dotac\u00ed? Na internetu koluje tolik protich\u016fdn\u00fdch informac\u00ed&#8230; \u010cemu v\u011b\u0159it?<\/p>\n<p>Na semin\u00e1\u0159i jsme cht\u011bli zapracovat na osobn\u00edch dilematech a zbavit se zmatku z r\u016fzn\u00fdch protikladn\u00fdch n\u00e1zor\u016f. Vyjasnit si postoje a op\u0159\u00edt se o n\u00e1zory, kter\u00e9 vych\u00e1zej\u00ed z na\u0161ich \u017eivotn\u00edch zku\u0161enost\u00ed a motivuj\u00ed n\u00e1s. Naj\u00edt si vnit\u0159n\u00ed odpov\u011bdi a z\u00a0nich pramen\u00edc\u00ed pocit bezpe\u010d\u00ed. P\u0159ijmout situaci takovou, jak\u00e1 je a otev\u0159\u00edt se nad\u011bji a inspiraci, co d\u00e1l&#8230;<\/p>\n<p>Tak\u00e9 jsme cht\u011bli pomoc\u00ed konstelac\u00ed l\u00e9pe porozum\u011bt lidem s\u00a0jin\u00fdm p\u0159esv\u011bd\u010den\u00edm (kter\u00e9 se zakl\u00e1d\u00e1 na jin\u00fdch osobn\u00edch zku\u0161enostech) a st\u00e1t se tak tolerantn\u011bj\u0161\u00edmi, vyhnout se dogmatismu v my\u0161len\u00ed a agresivn\u00edmu chov\u00e1n\u00ed.<\/p>\n<p>Po konstelac\u00edch na osobn\u00ed t\u00e9mata jsme postavili jednu obecn\u011bj\u0161\u00ed, kde byly zastoupeny pojmy jako moc, ohro\u017een\u00e1 skupina ob\u010dan\u016f, koronavirus, \u201epop\u00edra\u010d\u201c, l\u00e9ka\u0159, zdrav\u00fd \u010dlov\u011bk a \u010dlov\u011bk nemocn\u00fd covidem.<\/p>\n<p>&nbsp;<\/p>\n<p><u>P\u0159epis konstelace<\/u><\/p>\n<p><strong>Moc<\/strong> se c\u00edt\u00ed v\u0161emocn\u00e1. V\u00edt\u011bzoslavn\u011b se sm\u011bje. Ale pak se roz\u010d\u00edl\u00ed, \u017ee ji nikdo nebere v\u00e1\u017en\u011b: \u201eJsme ve v\u00e1lce, chovejte se zodpov\u011bdn\u011b! Vyzbrojte se rou\u0161kami a dezinfekc\u00ed, nep\u0159\u00edtel je sice neviditeln\u00fd, ale stra\u0161n\u011b nebezpe\u010dn\u00fd! \u201c <strong>Pop\u00edra\u010d<\/strong> se sm\u00edchy popad\u00e1 za b\u0159icho .<\/p>\n<p><strong>L\u00e9ka\u0159<\/strong> roz\u010dilen\u011b: \u201eVl\u00e1da si z n\u00e1s utahuje! Ned\u00e1v\u00e1 st\u00e1tn\u00edm nemocnic\u00edm dost financ\u00ed. Je n\u00e1s nedostatek, doktor\u016f i ostatn\u00edho person\u00e1lu, a nem\u00e1 n\u00e1s ve slu\u017eb\u011b kdo vyst\u0159\u00eddat! Vl\u00e1da n\u00e1s vyko\u0159is\u0165uje a chov\u00e1 se k n\u00e1m, jako k\u00a0n\u011bjak\u00e9mu perpetuu mobile\u2026!\u201c<\/p>\n<p>\u201eDoktorova slova se m\u011b v\u016fbec nedot\u00fdkaj\u00ed. C\u00edt\u00edm pov\u00fd\u0161enost \u201c \u0159\u00edk\u00e1 <strong>Moc. <\/strong>\u201eJsem skv\u011bl\u00e1 a vl\u00e1dnu obrovskou silou. D\u011bl\u00e1m si co chci.&#8220; hrd\u011b zved\u00e1 hlavu a m\u00e1v\u00e1 k\u0161tic\u00ed.\u201eA co bude s n\u00e1mi?\u201c pt\u00e1 se rozru\u0161en\u011b z\u00e1stupce <strong>Ohro\u017een\u00e9 skupiny<\/strong>. \u201eKdo se o n\u00e1s postar\u00e1?\u201c<\/p>\n<p>\u201eTrhn\u011bte si nohou!\u201c vy\u0161t\u011bkne <strong>Moc<\/strong>. \u201eJsme ve v\u00e1lce! D\u011blejte si co chcete!\u201c Pak se kousne do rt\u016f a za\u0161ept\u00e1: \u201eTo jsem nem\u011bla \u0159\u00edkat!\u201c Ot\u00e1\u010d\u00ed se sm\u011brem k <strong>Ohro\u017ee<\/strong><strong>n\u00e9 skupin<\/strong><strong>\u011b<\/strong>: \u201e A\u0165 se ka\u017ed\u00fd postar\u00e1 o sebe, jak nejl\u00edp m\u016f\u017ee!\u201c A pak neust\u00e1le vede n\u011bjak\u00e9 proslovy. \u201ePo\u0159\u00e1d mus\u00edm n\u011bco \u0159\u00edkat\u2026\u201c<\/p>\n<p>\u201ePostoj <strong>Moci<\/strong> m\u011b ani tak nep\u0159ekvapuje, jako dr\u00e1\u017ed\u00ed!\u201c vztek\u00e1 se <strong>L\u00e9ka\u0159<\/strong>. \u201e\u010clenov\u00e9 vl\u00e1dy s n\u00e1mi hrajou divadlo. Vyd\u00edraj\u00ed n\u00e1s, zastra\u0161uj\u00ed, ale sami se chovaj\u00ed, jako kdyby nic nehrozilo. Vyhla\u0161uj\u00ed omezen\u00ed, kter\u00e1 sami nedodr\u017euj\u00ed! Ale nejhor\u0161\u00ed na tom je, \u017ee n\u00e1m ned\u00e1vaj\u00ed dost pen\u011bz na to, abychom to zvl\u00e1dli! J\u00e1 dodr\u017euju z\u00e1kony a respektuju pokyny nad\u0159\u00edzen\u00fdch z ministerstva zdravotnictv\u00ed, ale u\u017e je toho na m\u011b p\u0159\u00edli\u0161! Pro\u010d tak moc zastra\u0161uj\u00ed lidi, kdy\u017e ned\u011blaj\u00ed nic pro to, aby doopravdy pomohli epidemii zvl\u00e1dnout?\u201c Pak se jeho rozzloben\u00fd hlas pln\u00ed smutkem: \u201eJe mi l\u00edto t\u011bch, kte\u0159\u00ed zem\u0159eli a t\u011bch, co zem\u0159ou, ale jsem l\u00e9ka\u0159 a v\u00edm, \u017ee je to nevyhnuteln\u00e9. V\u017edycky se najdou lidi, co to nezvl\u00e1dnou&#8230; Ale nikdy dote\u010f se nechodilo na JIPky s kamerami! Te\u010f je z\u00a0nemocnic reality show!\u201c<\/p>\n<p>\u201eN\u011bkte\u0159\u00ed lid\u00e9 si mysl\u00ed, \u017ee mohou ovl\u00e1dnout celou planetu,\u201c oz\u00fdv\u00e1 se <strong>Zdrav\u00fd <\/strong><strong>\u010dlov\u011bk<\/strong>. \u201eAle nemohou omezit svobodu na\u0161\u00ed du\u0161e! Abychom se p\u0159ed nemoc\u00ed ochr\u00e1nili, mus\u00edme podpo\u0159it imunitn\u00ed syst\u00e9m, pos\u00edlit t\u011blo cvi\u010den\u00edm a spr\u00e1vnou v\u00fd\u017eivou a vyhnout se stresu, kter\u00fd n\u00e1s ohro\u017euje na v\u0161ech rovin\u00e1ch, na t\u011ble i na du\u0161i!\u201c<\/p>\n<p><strong>Moc<\/strong> nep\u0159est\u00e1v\u00e1 mluvit a ru\u0161it ostatn\u00ed: \u201eV\u016fbec m\u011b nezaj\u00edm\u00e1, co \u00a0tady pov\u00edd\u00e1te. Nesly\u0161\u00edm v\u00e1s, ani v\u00e1s nevid\u00edm. Ostatn\u011b, i m\u011b ovl\u00e1daj\u00ed. Jsem pod tlakem od jin\u00fdch m\u00edst, kde se mus\u00edm zodpov\u00eddat.\u201c<\/p>\n<p>\u201eA m\u011b vid\u00ed\u0161?\u201c obrac\u00ed se <strong>Koronavir<\/strong> na <strong>Moc<\/strong>. \u201eAno,\u201c odpov\u00edd\u00e1 <strong>Moc<\/strong>. \u201eUvid\u00edme, jak by ses dal vyu\u017e\u00edt\u2026\u201c<\/p>\n<p>\u201eJ\u00e1 t\u011b taky vid\u00edm!\u201c d\u00edv\u00e1 se <strong>L\u00e9ka\u0159<\/strong> na <strong>Koronavir<\/strong>. \u201eMy dokto\u0159i v\u00edme, jak si s\u00a0tebou poradit. Nevn\u00edm\u00e1m t\u011b jako n\u011bjakou obrovskou katastrofu. Ale respektuji t\u011b, ur\u010dit\u011b mus\u00edme b\u00fdt opatrn\u00ed! Nevid\u00edm t\u011b ale jako nep\u0159\u00edtele a nebojuji proti pandemii! Pouze se star\u00e1m o ka\u017ed\u00e9ho konkr\u00e9tn\u00edho pacienta, kter\u00fd p\u0159ich\u00e1z\u00ed do nemocnice i kv\u016fli dal\u0161\u00edm zdravotn\u00edm probl\u00e9m\u016fm.\u201c<\/p>\n<p>\u201eJsem tu oded\u00e1vna,\u201c \u0159\u00edk\u00e1 <strong>Koronavir<\/strong>. \u201eNec\u00edt\u00edm nep\u0159\u00e1telstv\u00ed.\u201c<\/p>\n<p>\u201eVypad\u00e1\u0161 docela ne\u0161kodn\u011b!\u201c utrousila <strong>Moc<\/strong> a pe\u010dliv\u011b si ho prohl\u00ed\u017e\u00ed.<\/p>\n<p><strong>Pop\u00edra\u010d<\/strong> \u00a0po n\u00ed vrh\u00e1 zlostn\u00fd pohled. Pak se ot\u00e1\u010d\u00ed ke <strong>Koronaviru<\/strong> se slovy:<\/p>\n<p>\u201eZ jak\u00e9ho d\u016fvodu ses objevil pr\u00e1v\u011b te\u010f?\u201c<\/p>\n<p>\u201eProst\u011b existuji,\u201c odpov\u00edd\u00e1 <strong>Koronavir <\/strong>klidn\u011b.<\/p>\n<p>\u201eNechte t\u011bch metafyzick\u00fdch \u017ev\u00e1st\u016f! Viry v\u017edycky existovali a v\u017edycky budou existovat! Nesna\u017ete se v\u0161echno vysv\u011btlovat a rad\u0161i v\u011bnujte v\u011bt\u0161\u00ed pozornost sv\u00e9mu zp\u016fsobu \u017eivota! P\u0159esta\u0148te se p\u0159ej\u00eddat, kou\u0159it a p\u00edt alkohol a bu\u010fte celkov\u011b opatrn\u011bj\u0161\u00ed a zodpov\u011bdn\u011bj\u0161\u00ed!\u201c hudruje <strong>L\u00e9ka\u0159 <\/strong>p\u0159\u00edsn\u011b.<\/p>\n<p>&nbsp;<\/p>\n<p><strong>Koronavir<\/strong> popisuje sv\u016fj dotek jako sv\u011bteln\u00fd v\u00fdboj, kter\u00fd odhaluje to, co p\u0159edt\u00edm nebylo vid\u011bt. <strong>L\u00e9ka\u0159<\/strong> se to sna\u017e\u00ed v\u011bdecky analyzovat: \u201eM\u00e1\u0161 na mysli, \u017ee infikovan\u00fd \u010dlov\u011bk si uv\u011bdomuje sv\u00e9 priority a za\u010dne si d\u00e1vat do po\u0159\u00e1dku sv\u016fj zp\u016fsob \u017eivota?\u201c<\/p>\n<p>\u201eJe to jako bych skenoval, jako bych si prohl\u00ed\u017eel vnit\u0159ek ka\u017ed\u00e9 jeho bu\u0148ky. Zrcadl\u00edm jeho \u017eivotn\u00ed vitalitu.\u201c vysv\u011btluje <strong>Koronavir<\/strong>.<\/p>\n<p>&nbsp;<\/p>\n<p>\u201eJsem na\u0161tvan\u00e1,\u201c oz\u00fdv\u00e1 se <strong>Ohro\u017een<\/strong><strong>\u00e1 skupin<\/strong><strong>a<\/strong>, \u201ec\u00edt\u00edm se, jako by m\u011b vyhodili do ko\u0161e!\u201c A pak se znepokojen\u00edm pokra\u010duje: \u201eZaj\u00edmalo by m\u011b, jak\u00fd na tom nesu pod\u00edl&#8230;\u201c Ot\u00e1\u010d\u00ed se ke<strong> Koronav<\/strong><strong>iru<\/strong>: \u201eTvoje slova se m\u011b dot\u00fdkaj\u00ed. Zrcadl\u00ed mi moji nedostate\u010dnost!\u201c<\/p>\n<p><strong>L\u00e9ka\u0159 <\/strong>se ohrazuje, \u017ee ne v\u0161ichni lid\u00e9 jsou v t\u00e9to kategorii kv\u016fli \u0161patn\u00e9mu \u017eivotn\u00edmu stylu. \u201eStar\u0161\u00ed lid\u00e9 se tomu nemohli vyhnout!\u201c <strong>Ohro\u017een\u00e1 skupina<\/strong> v\u0161ak nesouhlas\u00ed: \u201eExistuj\u00ed lid\u00e9 v hodn\u011b pokro\u010dil\u00e9m v\u011bku, kte\u0159\u00ed ke mn\u011b nepat\u0159\u00ed! Nen\u00ed to ot\u00e1zka v\u011bku! C\u00edt\u00edm se docela mlad\u00e1!\u201c<\/p>\n<p>V\u00a0tu chv\u00edli se jedna \u017eena hlasit\u011b rozplakala: \u201eNen\u00ed mi dob\u0159e! Od chv\u00edle, kdy promluvil<strong> Koronav<\/strong><strong>ir<\/strong><strong>us<\/strong>, se mi ud\u011blalo stra\u0161n\u011b \u0161patn\u011b! Jsem \u00fapln\u011b ochrnut\u00e1 po cel\u00e9m t\u011ble. Uc\u00edtila jsem jeho dotek a najednou jsem ztratila ve\u0161kerou s\u00edlu.\u201c<\/p>\n<p><strong>L\u00e9ka\u0159 <\/strong>se k\u00a0n\u00ed okam\u017eit\u011b obrac\u00ed, aby j\u00ed poskytl pomoc, a p\u0159itom ji uji\u0161\u0165uje, \u017ee m\u00e1 prost\u0159edky, aby ji vyl\u00e9\u010dil. <strong>Nemocn\u00e1 \u017eena<\/strong> v\u0161ak po\u0159\u00e1d pl\u00e1\u010de a \u0159\u00edk\u00e1, \u017ee to nen\u00ed z\u00e1le\u017eitost l\u00e9ka\u0159e. \u201eP\u0159\u00edznaky nejsou ten hlavn\u00ed probl\u00e9m. Je to n\u011bco obrovsk\u00e9ho a d\u011bsiv\u00e9ho, s \u010d\u00edm se te\u010f mus\u00edm vypo\u0159\u00e1dat! Existence smrti! A smysl m\u00e9ho \u017eivota! Probl\u00e9my v m\u00fdch vztaz\u00edch a mnoho dal\u0161\u00edho!\u201c<\/p>\n<p>Jej\u00ed pl\u00e1\u010d je pln\u00fd bolesti. \u201eNetr\u00e1p\u00edm se, jestli zem\u0159u, ale sp\u00ed\u0161 nad t\u00edm, jak jsem \u017eila\u2026! Vid\u00edm to p\u0159ed sebou tak jasn\u011b a s\u00a0takovou drsnost\u00ed! A v\u00edm, \u017ee u\u017e nen\u00ed \u010das to odkl\u00e1dat!\u201c<\/p>\n<p>&nbsp;<\/p>\n<p><strong>Koronavir <\/strong>se na ni d\u00edv\u00e1 s\u00a0klidem. <strong>Nemocn\u00e1 \u017eena <\/strong>se zaj\u00edk\u00e1: \u201eJe to, jako kdyby mi velk\u00fd projektor sv\u00edtil p\u0159\u00edmo do srdce.\u201c<\/p>\n<p>\u201eA jeho s\u00edla je velk\u00e1, n\u011bkdo to vydr\u017e\u00ed a n\u011bkdo ne!\u201c souhlas\u00ed <strong>Koronavir<\/strong>.<\/p>\n<p>\u201eJe to stra\u0161n\u011b intenzivn\u00ed! Ale c\u00edt\u00edm se trochu l\u00e9pe!\u201c po chv\u00edli \u0159\u00edk\u00e1 <strong>Nemocn\u00e1 \u017eena<\/strong> s \u00falevou. \u201eNen\u00ed to ani tak na t\u011blesn\u00e9 \u00farovni, sp\u00ed\u0161 je to energie. Jako by m\u011b uhodil blesk! Kdo je dob\u0159e uzemn\u011bn\u00fd, toho nesp\u00e1l\u00ed! Ale ta energie je obrovsk\u00e1!\u201c Ka\u0161le a sna\u017e\u00ed se popadnout dech. Pak se za\u010dne sm\u00e1t.<\/p>\n<p>&nbsp;<\/p>\n<p><strong>L\u00e9ka\u0159 <\/strong>je ohromen. \u201eMoje prvn\u00ed reakce byla rychle zachr\u00e1nit\u00a0 pacientku. Jsem mlad\u00fd a pln\u00fd nad\u0161en\u00ed pro svoje povol\u00e1n\u00ed. Cht\u011bl jsem ji zachr\u00e1nit! J\u00e1, pomoc\u00ed sv\u00fdch znalost\u00ed! Ale te\u010f s \u00fa\u017easem pozoruji, co se tu d\u011bje.\u201c<\/p>\n<p>\u201eJdu se t\u011b taky dotknout.\u201c \u0159\u00edk\u00e1 mu <strong>Koronavir<\/strong>.<\/p>\n<p>\u201eJ\u00e1 se t\u011b neboj\u00edm. C\u00edt\u00edm to te\u010f \u00a0jako zasv\u011bcen\u00ed. Uv\u011bdomuji si, \u017ee vedle\u00a0 materi\u00e1ln\u00edho v\u011bdeck\u00e9ho sv\u011bta existuje i \u00a0dal\u0161\u00ed, stejn\u011b d\u016fle\u017eit\u00e1, \u00farove\u0148, kter\u00e9 se mus\u00edm otev\u0159\u00edt! Nyn\u00ed ch\u00e1pu, \u017ee pokud se n\u011bkdo dok\u00e1\u017ee postavit sv\u00e9 slabosti, tak ji m\u016f\u017ee prom\u011bnit ve svou s\u00edlu. Ale mus\u00ed se zachr\u00e1nit s\u00e1m, ne aby to za n\u011bj ud\u011blal n\u011bkdo jin\u00fd!\u201c<\/p>\n<p>&nbsp;<\/p>\n<p>\u201eM\u011b se pandemie v\u016fbec net\u00fdk\u00e1, proto\u017ee u\u017e \u00a0jsem stejn\u011b na odchodu. A nez\u00e1le\u017e\u00ed na tom, jestli to koronavirus urychl\u00ed nebo ne.\u201c oz\u00fdv\u00e1 se <strong>Ohro\u017ee<\/strong><strong>n<\/strong><strong>\u00e1 skupin<\/strong><strong>a<\/strong>. \u201eM\u00e1m vlastn\u00ed viry, svoje naprogramov\u00e1n\u00ed&#8230; Byla bych rad\u0161i, kdyby se ostatn\u00ed o m\u011b tolik nestarali a ned\u011blali tolik rozruchu na moji ochranu.\u201c<\/p>\n<p><strong>Zdrav\u00fd \u010dlov\u011bk<\/strong> vykl\u00e1d\u00e1 n\u011bco nepodstatn\u00e9ho ze sv\u00e9ho b\u011b\u017en\u00e9ho \u017eivota, na \u200b\u200bco\u017e <strong>L\u00e9ka\u0159 <\/strong>reaguje podr\u00e1\u017ed\u011bn\u011b: \u201eJsme v nemocnici a b\u011bh\u00e1me kolem pacient\u016f. Je to n\u00e1ro\u010dn\u00e1 situace, nav\u00edc komplikovan\u00e1 omezen\u00edmi! Ze strany vl\u00e1dy jen lhostejnost a nedostatek podpory. A\u00a0 je\u0161t\u011b m\u00e1m poslouchat \u0159e\u010di r\u016fzn\u00fdch nekompetentn\u00edch lid\u00ed!? Nehrajte si na chytr\u00e9ho jenom proto, \u017ee jste zdrav\u00fd a pln\u00fd s\u00edly!\u201c<\/p>\n<p>\u201eTak\u017ee mus\u00edm kolabovat, abych se mohl vyj\u00e1d\u0159it?\u201c protestuje <strong>Zdrav\u00fd <\/strong><strong>\u010dlov\u011bk<\/strong>. \u201eP\u0159esn\u011b tak!\u201c \u0159\u00edk\u00e1 <strong>L\u00e9ka\u0159<\/strong> \u00a0se sm\u00edchem. \u201eA\u017e budete m\u00edt n\u011bjak\u00e9 p\u0159\u00edznaky nemoci, p\u0159ij\u010fte n\u00e1m je popsat&#8230; Jinak m\u011b va\u0161e teorie nezaj\u00edmaj\u00ed.\u201c<\/p>\n<p><strong>Pop\u00edra\u010d <\/strong>\u00a0se obrac\u00ed na doktora: \u201eHodn\u011b jsem si v\u00e1s v\u00e1\u017eil. Ale te\u010f jste to pokazil! Va\u0161\u00edm \u00fakolem je n\u00e1m radit, jak se starat o na\u0161e zdrav\u00ed. A ne n\u00e1s kritizovat!\u201c<\/p>\n<p>\u201e<strong>Pop\u00edra\u010d<\/strong>\u00a0 se ozval\u2026!\u201c \u0161kleb\u00ed se ironicky<strong> Moc<\/strong>.<\/p>\n<p>Ten odpov\u00edd\u00e1: \u201eJ\u00e1 koronavir nepop\u00edr\u00e1m. Ale nikdy jsem nem\u011bl pocit, \u017ee je a\u017e tak nebezpe\u010dn\u00fd. I kdy\u017e v\u00a0m\u00e9di\u00edch stra\u0161ili, jakou m\u00e1 smrtnost. A te\u010f jsem se stal <strong>Pozitivn\u00edm<\/strong>. Nem\u00e1m \u017e\u00e1dn\u00e9 symptomy a viru se neboj\u00edm. P\u0159ipad\u00e1 mi docela hodn\u00fd&#8230; A <strong>Moc <\/strong>m\u011b v\u016fbec nedok\u00e1\u017ee na\u0161tvat, m\u00e1m z\u00a0n\u00ed srandu&#8230;\u201c<\/p>\n<p>\u201eOpravdu jsem se t\u011b dotkl.\u201c potvrzuje <strong>Koronavir<\/strong>. \u201eAle nejsem ani hodn\u00fd, ani zl\u00fd. Pouze se dot\u00fdk\u00e1m\u2026\u00bb<\/p>\n<p>\u201eZato m\u011b <strong>Moc <\/strong>roz\u010diluje. A vy budete pravd\u011bpodobn\u011b st\u00e1tn\u00ed zam\u011bstnanec, \u017ee se m\u016f\u017eete tak lehkomysln\u011b sm\u00e1t! Nejste ani nemocn\u00fd, ani finan\u010dn\u011b ohro\u017een\u00fd&#8230;\u201c \u0159\u00edk\u00e1 ost\u0159e<strong> L\u00e9ka\u0159<\/strong>.<\/p>\n<p>\u201eTak n\u011bjak&#8230;\u201c p\u0159ipou\u0161t\u00ed<strong> Pozitivn\u00ed<\/strong>.<\/p>\n<p>&nbsp;<\/p>\n<p>\u201eTe\u010f se dot\u00fdk\u00e1m i tebe!\u201c ot\u00e1\u010d\u00ed se <strong>Koronavir<\/strong> na <strong>Moc<\/strong>. \u201eM\u011b se nic nem\u016f\u017ee dotknout, nep\u0159edstavuji osobu, jsem jenom pojem a nem\u016f\u017ee\u0161 m\u011b nijak ovlivnit! Nem\u00e1m v\u016fbec \u017e\u00e1dn\u00e9 pocity&#8230; Jsem jako led a jedin\u00e9, co c\u00edt\u00edm, je rumraj v hlav\u011b. \u010cek\u00e1m, jak to dopadne.\u201c\u00a0 Stoup\u00e1 si na gau\u010di. \u201eJsem nejvy\u0161\u0161\u00ed ze v\u0161ech!\u201c \u0159\u00edk\u00e1 nafoukan\u011b. \u201eA p\u0159es ten zmatek v\u00a0hlav\u011b, se c\u00edt\u00edm spokojen\u00e1.\u201c<\/p>\n<p>\u201eI tebe jsem se dotkl,\u201c \u0159\u00edk\u00e1 <strong>Koronavir<\/strong> <strong>Zdrav\u00e9mu \u010dlov\u011bku. <\/strong>Ten si toho ani nev\u0161iml. \u201eV\u011b\u0159\u00edm sv\u00e9mu imunitn\u00edmu syst\u00e9mu a pe\u010duju o sebe,\u201c odpov\u00edd\u00e1 klidn\u011b.<\/p>\n<p>\u201eJ\u00e1 se c\u00edt\u00edm mnohem l\u00edp, mysl\u00edm, \u017ee u\u017e jsem zdrav\u00e1!\u201c raduje se b\u00fdval\u00e1 <strong>Nemocn\u00e1 \u017eena<\/strong>. \u201eNa\u0161la jsem v sob\u011b s\u00edlu, kter\u00e1 mi pomohla <em>to sv\u011btlo<\/em><em> integrovat<\/em>. Jako bych najednou vid\u011bla podstatu t\u00e9 zkou\u0161ky, kterou jsem pro\u0161la. Ze za\u010d\u00e1tku jsem byla vyd\u011b\u0161en\u00e1, jako zasa\u017een\u00e1 bleskem. Myslela jsem, \u017ee zem\u0159u. Pak se n\u011bco ve mn\u011b zm\u011bnilo. A te\u010f \u00a0v sob\u011b m\u00e1m\u00a0 jistotu. C\u00edt\u00edm se imunn\u00ed a z\u00e1rove\u0148 vid\u00edm v\u011bci jasn\u011bji, jako kdyby na m\u016fj \u017eivot dopadlo sv\u011btlo.\u201c<\/p>\n<p>&nbsp;<\/p>\n<p>\u201eCo si mysl\u00ed\u0161 o vakc\u00edn\u011b, boj\u00ed\u0161 se j\u00ed? M\u016f\u017ee t\u011b zni\u010dit? Nebo je to n\u011bco, co se t\u011b nedotkne?\u201c pt\u00e1m se <strong>Koronaviru<\/strong>.<\/p>\n<p>\u201eKdo bude o\u010dkovan\u00fd, neonemocn\u00ed.\u201c odpov\u00edd\u00e1 <strong>Koronavir<\/strong>. \u201eAle za rohem na n\u011bj bude \u010dekat n\u011bco jin\u00e9ho\u2026\u201c<\/p>\n<p><strong>B\u00fdval<\/strong><strong>\u00e1 <\/strong><strong>Nemocn<\/strong><strong>\u00e1<\/strong> podot\u00fdk\u00e1, \u017ee vyhnout se nemoci pomoc\u00ed o\u010dkov\u00e1n\u00ed je n\u011bco \u00fapln\u011b jin\u00e9ho, ne\u017e se z\u00a0nemoci uzdravit. \u201eJ\u00e1 jsem se vyl\u00e9\u010dila!\u201c \u0159\u00edk\u00e1 hrd\u011b.<\/p>\n<p>\u201eZ \u010deho? Ze strachu ze smrti? Z traumatu, \u017ee sis uv\u011bdomila svou smrtelnost?\u201c \u00a0pt\u00e1m se.<\/p>\n<p>\u201eZm\u011bnil se m\u016fj sv\u011bton\u00e1zor&#8230;! Ujasnila jsem si, co je pro m\u011b d\u016fle\u017eit\u00e9! Jako bych si uv\u011bdomila svou podstatu,\u201c odpov\u00edd\u00e1.<\/p>\n<p>\u201eMoje role skon\u010dila!\u201c prav\u00ed <strong>Koronavir<\/strong>.<\/p>\n<p>&nbsp;<\/p>\n<p>A tehdy skon\u010dila i konstelace. Je\u0161t\u011b jsme se pod\u011blili o z\u00e1\u017eitky, kter\u00e9 byly docela nov\u00e9 a p\u0159ekvapiv\u00e9. U\u017e na za\u010d\u00e1tku konstelace jsme se toti\u017e rozhodli vybrat si roli \u00fapln\u011b opa\u010dnou, ne\u017e \u010demu v\u011b\u0159\u00edme nebo co za\u017e\u00edv\u00e1me ve sv\u00e9m b\u011b\u017en\u00e9m \u017eivot\u011b.<\/p>\n<p>&nbsp;<\/p>\n<p><u>Z\u00a0diskuze<\/u><\/p>\n<p><strong>Zdrav<\/strong><strong>\u00e9ho \u010dlov\u011bka<\/strong> zastupovala \u017eena, kter\u00e1 trp\u00ed silnou fobi\u00ed z nemoc\u00ed. S velkou \u00falevou v sob\u011b poc\u00edtila s\u00edlu a d\u016fv\u011bru ve sv\u016fj imunitn\u00ed syst\u00e9m.<\/p>\n<p>Z\u00e1stupce <strong>Ohro\u017ee<\/strong><strong>n\u00e9 skupiny<\/strong><strong>\u00a0 <\/strong>\u0159ekla: \u201eZe za\u010d\u00e1tku jsem m\u011bla pocit, \u017ee se nem\u016f\u017eu naladit, proto\u017ee se m\u011b nic nedot\u00fdkalo, i kdy\u017e jsem pe\u010dliv\u011b sledovala, co ostatn\u00ed \u0159\u00edkali. Postupn\u011b jsem si v\u0161ak jasn\u011b uv\u011bdomila, \u017ee m\u011b \u017e\u00e1dn\u00e1 pandemie nezaj\u00edm\u00e1. Byla jsem u\u017e v\u00a0podstat\u011b na odchodu. Ale c\u00edtila jsem klid. Byla jsem tak n\u011bjak sm\u00ed\u0159en\u00e1 se sv\u00fdm \u017eivotem. To m\u011b hodn\u011b p\u0159ekvapilo! P\u016fvodn\u011b jsem si myslela, \u017ee tato skupina ob\u010dan\u016f bude vyd\u011b\u0161en\u00e1 a rozru\u0161en\u00e1, ale za\u017eila jsem prav\u00fd opak. Jsou to lid\u00e9, kte\u0159\u00ed svou situaci znaj\u00ed a jsou s\u00a0n\u00ed sm\u00ed\u0159en\u00ed. A nemluv\u00edme jen o star\u00fdch lidech, t\u00fdk\u00e1 se to hodn\u011b i st\u0159edn\u00ed nebo mlad\u0161\u00ed generace! M\u011bli bychom je nechat na pokoji a p\u0159estat citov\u011b vyd\u00edrat ostatn\u00ed lidi! Nevytv\u00e1\u0159et pocity viny lidem, kte\u0159\u00ed jsou pln\u00ed \u017eivota a cht\u011bj\u00ed ho \u017e\u00edt!\u201c<\/p>\n<p>Z\u00e1stupkyn\u011b <strong>Nemocn\u00e9 \u017eeny<\/strong> cht\u011bla p\u016fvodn\u011b p\u0159edstavovat vakc\u00ednu, ale jakmile se objevil virus, nem\u011bla na vybranou, za\u010dala se dusit fyzicky i vlastn\u00edmi pocity. \u201eOsobn\u011b doch\u00e1z\u00edm k z\u00e1v\u011bru, \u017ee nejlep\u0161\u00ed vakc\u00ednou je p\u0159ekonat nemoc. Pouze tak z\u00edsk\u00e1\u0161 nejen imunitu, ale i zku\u0161enost, kdy si znovu uv\u011bdom\u00ed\u0161 svou touhu a schopnost \u017e\u00edt d\u00e1l.\u201c Radovala se, jak se j\u00ed po konstelaci ulevilo. Jako by se zbavila obrovsk\u00e9 z\u00e1t\u011b\u017ee. Bylo to b\u0159\u00edm\u011b, kter\u00e9ho si p\u0159edt\u00edm nebyla v\u011bdom\u00e1.<\/p>\n<p>Z\u00e1stupce<strong> L\u00e9ka\u0159e<\/strong> promluvil o vnit\u0159n\u00ed prom\u011bn\u011b doktora-v\u011bdce: \u201eNejprve jsem se c\u00edtil hrd\u00fd na to, \u017ee m\u016f\u017eu zachra\u0148ovat \u017eivoty lid\u00ed, ale pak jsem vid\u011bl, \u017ee tato hra m\u00e1 i mnohem hlub\u0161\u00ed \u00farove\u0148 a tam nejsem hlavn\u00edm hrdinou j\u00e1, ale pacient. A ten nen\u00ed ne-mocn\u00fd, ale proch\u00e1z\u00ed zkou\u0161kou. Je testov\u00e1na jeho touha po \u017eivot\u011b. D\u00edky tomu uv\u011bdom\u011bn\u00ed jsem poc\u00edtil pokoru a sou\u010dasn\u011b i moudrost. C\u00edtil jsem se jako sv\u011bdek z\u00e1zraku. V tomto smyslu je ka\u017ed\u00e9 uzdraven\u00ed zasv\u011bcen\u00edm, jak pro pacienta, tak pro l\u00e9ka\u0159e. Smrt je tak\u00e9 mysterium. Nemus\u00ed to znamenat, \u017ee l\u00e9ka\u0159 selhal. A p\u0159esto, \u017ee jsem na za\u010d\u00e1tku m\u011bl vztek na vl\u00e1du, uv\u011bdomil jsem si, \u017ee jej\u00ed role je v t\u011bchto v\u011bcech zanedbateln\u00e1. Z\u00e1kladn\u00edmi veli\u010dinami je nemoc, pacient a jeho vit\u00e1ln\u00ed s\u00edla. A my l\u00e9ka\u0159i (spolu s prost\u0159edky, kter\u00e9 m\u00e1me k dispozici) jsme podpora v procesu uzdravov\u00e1n\u00ed. <strong>Moc<\/strong> tu nem\u00e1 \u017e\u00e1dnou moc. Nikdo ti nem\u016f\u017ee na\u0159\u00eddit nebo zak\u00e1zat uzdravit n\u011bkoho jin\u00e9ho. Vl\u00e1da samoz\u0159ejm\u011b hraje rozhoduj\u00edc\u00ed roli v tom, jak bude fungovat \u00a0syst\u00e9m zdravotnictv\u00ed, ale to u\u017e je jin\u00fd p\u0159\u00edb\u011bh\u2026\u201c<\/p>\n<p>Z\u00e1stupce <strong>Pop\u00edra\u010de<\/strong> objasnil, \u017ee oponoval jenom v\u016f\u010di vl\u00e1d\u011b. V\u0161em ostatn\u00edm naslouchal se z\u00e1jmem. A v\u00a0pr\u016fb\u011bhu se jeho postoj m\u011bnil. \u201eCht\u011bl jsem vysv\u011btlen\u00ed, jasn\u00e9 a pravdiv\u00e9 argumenty! A pocit, \u017ee m\u011b respektuj\u00ed. To bych pak spolupracoval.\u201c \u0159ekl. \u201eNestoj\u00edm o \u00a0p\u0159\u00edkazy a z\u00e1kazy, nejsem d\u00edt\u011b, kter\u00e9 se nech\u00e1 zastra\u0161it. Kdy\u017e se mnou jednali jako s d\u00edt\u011btem, m\u011bl jsem tendenci si ze v\u0161eho d\u011blat legraci. Te\u010f si m\u016f\u017eu klidn\u011b vyslechnout, co chce \u0159\u00edct\u00a0 <strong>Moc<\/strong>.\u201c<\/p>\n<p>Z\u00e1stupkyn\u011b <strong>Moci <\/strong>p\u0159iznala, \u017ee je zklaman\u00e1 z toho, co p\u0159i konstelaci za\u017eila. \u201eMrz\u00ed m\u011b, \u017ee jsem v\u00e1s jako Moc v\u016fbec nevn\u00edmala, ani ob\u010dany, ani doktory, ani ohro\u017eenou skupinu. Nem\u011bla jsem \u017e\u00e1dn\u00e9 emoce, ani strach z epidemie. Jen jsem \u010dekala na to, jak se to vyvine. P\u0159edev\u0161\u00edm ve vztahu ke mn\u011b a k m\u00fdm pravomocem. Ten absolutn\u00ed nedostatek emoc\u00ed se d\u00e1 vysv\u011btlit snad jen t\u00edm, \u017ee jsem nezastupovala konkr\u00e9tn\u00ed osobu v konkr\u00e9tn\u00ed vl\u00e1d\u011b nebo st\u00e1t\u011b. Reprezentovala\u00a0 jsem <strong>moc<\/strong> obecn\u011b, v\u0161echny jej\u00ed struktury.\u201c<\/p>\n<p>K\u00a0tomu dod\u00e1v\u00e1m: \u201eJe zaj\u00edmav\u00e9, kolik zem\u00ed po cel\u00e9m sv\u011bt\u011b se shoduje a spolupracuje v oblasti pandemie, zat\u00edmco u jin\u00fdch, velmi d\u016fle\u017eit\u00fdch, probl\u00e9m\u016f se to ned\u011bje. Pravd\u011bpodobn\u011b maj\u00ed mocn\u00ed k\u00a0dispozici informace, kter\u00e9 n\u00e1m chyb\u00ed. N\u011bjak\u00fd pl\u00e1n.<\/p>\n<p>Tahle konstelace je jen mal\u00fd obr\u00e1zek, mal\u00e1 fotka, kter\u00e1 n\u011bco zachyt\u00ed, ale nedok\u00e1\u017ee popsat cel\u00fd proces. V\u011b\u0159\u00edm, \u017ee \u010dasem porozum\u00edme tomu, o \u010dem zat\u00edm m\u016f\u017eeme jen vytv\u00e1\u0159et dohady&#8230;\u201c<br \/>\n\u201eAno, nem\u011bla jsem \u017e\u00e1dnou vlastn\u00ed iniciativu. \u010cekala \u00a0jsem na pokyny!&#8220; souhlas\u00ed z\u00e1stupkyn\u011b <strong>Moci<\/strong>. \u201eCo\u017e v\u016fbec neodpov\u00edd\u00e1 m\u00e9mu p\u016fvodn\u00edmu p\u0159esv\u011bd\u010den\u00ed o moci! \u201c<\/p>\n<p>&nbsp;<\/p>\n<p>Na konci semin\u00e1\u0159e jsme mluvili o tom, jak je d\u016fle\u017eit\u00e9 rozli\u0161ovat informace, abychom v\u011bd\u011bli, jak se k nim postavit.<\/p>\n<p>Existuj\u00ed dv\u011b kategorie informac\u00ed: fakta a n\u00e1zory. Fakt nebo ud\u00e1lost je n\u011bco, co se stalo nebo se d\u011bje nyn\u00ed. (nap\u0159. <em>Pr\u0161\u00ed<\/em>.) \u00a0N\u00e1zor je subjektivn\u00ed interpretace ud\u00e1losti. (nap\u0159. <em>Je hrozn\u00e9 po\u010das\u00ed<\/em>.)<\/p>\n<p>\u010casto reagujeme na n\u00e1zor druh\u00e9ho, proto\u017ee ho prezentuje jako fakt. A pak se roz\u010dilujeme, \u017ee <em>to nen\u00ed pravda!<\/em> Pokud by ob\u011b strany p\u0159ipustily, \u017ee si vym\u011b\u0148uj\u00ed n\u00e1zory, snadn\u011bji by respektovaly, \u017ee ka\u017ed\u00fd m\u00e1 zku\u0161enosti, ze kter\u00fdch jeho n\u00e1zory vypl\u00fdvaj\u00ed. V\u017edycky je lep\u0161\u00ed se druh\u00e9ho zeptat, pro\u010d v\u011b\u0159\u00ed tomu, co tvrd\u00ed, ne\u017e se ho pokou\u0161et p\u0159esv\u011bd\u010dit o opaku.<\/p>\n<p>Taky je dobr\u00e9 si ob\u010das p\u0159ipomenout, \u017ee se nejsp\u00ed\u0161 <em>v\u0161ichni dot\u00fdk\u00e1me stejn\u00e9ho slona<\/em>, ka\u017ed\u00fd z\u00a0jin\u00e9ho \u00fahlu&#8230;<\/p>\n<p>&nbsp;<\/p>\n<p>Sv\u00e9 n\u00e1zory si vyb\u00edr\u00e1me a m\u016f\u017eeme je zm\u011bnit. Jak se vyv\u00edj\u00edme, vyv\u00edjej\u00ed se i na\u0161e n\u00e1zory. Kdy\u017e je nep\u0159eb\u00edr\u00e1me od ostatn\u00edch, ale vych\u00e1zej\u00ed z na\u0161ich zku\u0161enost\u00ed a jsou v souladu s na\u0161imi principy a c\u00edly, pak n\u00e1m poskytuj\u00ed bezpe\u010d\u00ed.<\/p>\n<p>A taky nen\u00ed pot\u0159eba m\u00edt n\u00e1zor na v\u0161echno! M\u016f\u017eu b\u00fdt jen pozorovatelem. N\u011bkdy je lep\u0161\u00ed z\u016fstat v povzd\u00e1l\u00ed, ne\u017e se st\u00e1t p\u011b\u0161\u00e1kem \u00a0ve h\u0159e, jej\u00ed\u017e pravidla nezn\u00e1m&#8230;<\/p>\n<p>Kdy\u017e nev\u00edm, \u010demu v\u011b\u0159it, je dobr\u00e9 se zam\u011b\u0159it na to, co m\u016f\u017eu ud\u011blat pr\u00e1v\u011b te\u010f, abych m\u011bl pocit, \u017ee m\u016fj \u017eivot m\u00e1 smysl. Rozhodnout se v\u011b\u0159it tomu, co mi d\u00e1v\u00e1 s\u00edlu, abych podpo\u0159il sv\u016fj \u017eivot a \u017eivoty lid\u00ed, kter\u00e9 zn\u00e1m. J\u00edt d\u00e1l, krok za krokem a v\u011b\u0159it, \u017ee to m\u00e1 smysl.<\/p>\n<p>&nbsp;<\/p>\n<p><u>Na z\u00e1v\u011br<\/u><\/p>\n<p>bych se cht\u011bla pod\u011blit o n\u00e1zor, kter\u00fd vznikl po konstelaci:<\/p>\n<p>Koronavir m\u016f\u017ee b\u00fdt p\u0159\u00ed\u010dinou smrti. Ale kdo v sob\u011b najde s\u00edlu, odvahu a motivaci pokra\u010dovat ve sv\u00e9m \u017eivot\u011b, pro\u017eije tuto zkou\u0161ku jako transforma\u010dn\u00ed zku\u0161enost. Ale to rozhodnut\u00ed se ned\u011bje na \u00farovni osobnosti, ale v na\u0161\u00ed du\u0161i. Du\u0161e d\u00e1 t\u011blu pokyn, aby se vzdalo, nebo se rozhodne z\u016fstat, aby dokon\u010dila sv\u00e9 pl\u00e1ny.<\/p>\n","protected":false},"excerpt":{"rendered":"<p>\u00a0 \u201e\u010cemu m\u00e1m v\u011b\u0159it?\u201c byl n\u00e1zev on-line semin\u00e1\u0159e, kter\u00fd se uskute\u010dnil v\u00a0listopadu 2020 v \u0158ecku, n\u011bkolik dn\u016f po zah\u00e1jen\u00ed druh\u00e9 karant\u00e9ny. Lid\u00e9, unaven\u00ed po desetilet\u00e9 ekonomick\u00e9 krizi, byli znovu zachv\u00e1ceni nejen strachem z\u00a0nemoci, ale tak\u00e9 finan\u010dn\u00ed nejistotou. V\u011bt\u0161ina z\u00a0nich se \u017eiv\u00ed obchodem nebo turistick\u00fdm ruchem, oboj\u00ed je te\u010f znemo\u017en\u011bno. Pesimismus a zoufal\u00fd hn\u011bv se vzn\u00e1\u0161\u00ed [&hellip;]<\/p>\n","protected":false},"author":2,"featured_media":1298,"comment_status":"open","ping_status":"closed","sticky":false,"template":"","format":"standard","meta":{"footnotes":""},"categories":[23],"tags":[],"acf":[],"yoast_head":"<!-- This site is optimized with the Yoast SEO plugin v21.3 - https:\/\/yoast.com\/wordpress\/plugins\/seo\/ -->\n<title>\u010cemu m\u00e1m v\u011b\u0159it? - Kalliopi Anthi<\/title>\n<meta name=\"robots\" content=\"index, follow, max-snippet:-1, max-image-preview:large, max-video-preview:-1\" \/>\n<link rel=\"canonical\" href=\"https:\/\/kalliopi-anthi.gr\/cs\/cemu-mam-verit\/\" \/>\n<meta property=\"og:locale\" content=\"cs_CZ\" \/>\n<meta property=\"og:type\" content=\"article\" \/>\n<meta property=\"og:title\" content=\"\u010cemu m\u00e1m v\u011b\u0159it? - Kalliopi Anthi\" \/>\n<meta property=\"og:description\" content=\"\u00a0 \u201e\u010cemu m\u00e1m v\u011b\u0159it?\u201c byl n\u00e1zev on-line semin\u00e1\u0159e, kter\u00fd se uskute\u010dnil v\u00a0listopadu 2020 v \u0158ecku, n\u011bkolik dn\u016f po zah\u00e1jen\u00ed druh\u00e9 karant\u00e9ny. Lid\u00e9, unaven\u00ed po desetilet\u00e9 ekonomick\u00e9 krizi, byli znovu zachv\u00e1ceni nejen strachem z\u00a0nemoci, ale tak\u00e9 finan\u010dn\u00ed nejistotou. V\u011bt\u0161ina z\u00a0nich se \u017eiv\u00ed obchodem nebo turistick\u00fdm ruchem, oboj\u00ed je te\u010f znemo\u017en\u011bno. Pesimismus a zoufal\u00fd hn\u011bv se vzn\u00e1\u0161\u00ed [&hellip;]\" \/>\n<meta property=\"og:url\" content=\"https:\/\/kalliopi-anthi.gr\/cs\/cemu-mam-verit\/\" \/>\n<meta property=\"og:site_name\" content=\"Kalliopi Anthi\" \/>\n<meta property=\"article:published_time\" content=\"2020-12-20T15:17:19+00:00\" \/>\n<meta property=\"og:image\" content=\"https:\/\/kalliopi-anthi.gr\/wp-content\/uploads\/2020\/03\/world-4952390_1920.jpg\" \/>\n\t<meta property=\"og:image:width\" content=\"1920\" \/>\n\t<meta property=\"og:image:height\" content=\"1280\" \/>\n\t<meta property=\"og:image:type\" content=\"image\/jpeg\" \/>\n<meta name=\"author\" content=\"vasspilka\" \/>\n<meta name=\"twitter:card\" content=\"summary_large_image\" \/>\n<meta name=\"twitter:label1\" content=\"Napsal(a)\" \/>\n\t<meta name=\"twitter:data1\" content=\"vasspilka\" \/>\n\t<meta name=\"twitter:label2\" content=\"Odhadovan\u00e1 doba \u010dten\u00ed\" \/>\n\t<meta name=\"twitter:data2\" content=\"18 minut\" \/>\n<script type=\"application\/ld+json\" class=\"yoast-schema-graph\">{\"@context\":\"https:\/\/schema.org\",\"@graph\":[{\"@type\":\"WebPage\",\"@id\":\"https:\/\/kalliopi-anthi.gr\/cs\/cemu-mam-verit\/\",\"url\":\"https:\/\/kalliopi-anthi.gr\/cs\/cemu-mam-verit\/\",\"name\":\"\u010cemu m\u00e1m v\u011b\u0159it? - Kalliopi Anthi\",\"isPartOf\":{\"@id\":\"https:\/\/kalliopi-anthi.gr\/#website\"},\"datePublished\":\"2020-12-20T15:17:19+00:00\",\"dateModified\":\"2020-12-20T15:17:19+00:00\",\"author\":{\"@id\":\"https:\/\/kalliopi-anthi.gr\/#\/schema\/person\/627b7a4ad60258e13c5212b1a74647a3\"},\"breadcrumb\":{\"@id\":\"https:\/\/kalliopi-anthi.gr\/cs\/cemu-mam-verit\/#breadcrumb\"},\"inLanguage\":\"cs\",\"potentialAction\":[{\"@type\":\"ReadAction\",\"target\":[\"https:\/\/kalliopi-anthi.gr\/cs\/cemu-mam-verit\/\"]}]},{\"@type\":\"BreadcrumbList\",\"@id\":\"https:\/\/kalliopi-anthi.gr\/cs\/cemu-mam-verit\/#breadcrumb\",\"itemListElement\":[{\"@type\":\"ListItem\",\"position\":1,\"name\":\"Home\",\"item\":\"https:\/\/kalliopi-anthi.gr\/cs\/\"},{\"@type\":\"ListItem\",\"position\":2,\"name\":\"\u010cemu m\u00e1m v\u011b\u0159it?\"}]},{\"@type\":\"WebSite\",\"@id\":\"https:\/\/kalliopi-anthi.gr\/#website\",\"url\":\"https:\/\/kalliopi-anthi.gr\/\",\"name\":\"Kalliopi Anthi\",\"description\":\"Poradce osobn\u00edho rozvoje\",\"potentialAction\":[{\"@type\":\"SearchAction\",\"target\":{\"@type\":\"EntryPoint\",\"urlTemplate\":\"https:\/\/kalliopi-anthi.gr\/?s={search_term_string}\"},\"query-input\":\"required name=search_term_string\"}],\"inLanguage\":\"cs\"},{\"@type\":\"Person\",\"@id\":\"https:\/\/kalliopi-anthi.gr\/#\/schema\/person\/627b7a4ad60258e13c5212b1a74647a3\",\"name\":\"vasspilka\",\"url\":\"https:\/\/kalliopi-anthi.gr\/cs\/author\/vasspilka\/\"}]}<\/script>\n<!-- \/ Yoast SEO plugin. -->","yoast_head_json":{"title":"\u010cemu m\u00e1m v\u011b\u0159it? - Kalliopi Anthi","robots":{"index":"index","follow":"follow","max-snippet":"max-snippet:-1","max-image-preview":"max-image-preview:large","max-video-preview":"max-video-preview:-1"},"canonical":"https:\/\/kalliopi-anthi.gr\/cs\/cemu-mam-verit\/","og_locale":"cs_CZ","og_type":"article","og_title":"\u010cemu m\u00e1m v\u011b\u0159it? - Kalliopi Anthi","og_description":"\u00a0 \u201e\u010cemu m\u00e1m v\u011b\u0159it?\u201c byl n\u00e1zev on-line semin\u00e1\u0159e, kter\u00fd se uskute\u010dnil v\u00a0listopadu 2020 v \u0158ecku, n\u011bkolik dn\u016f po zah\u00e1jen\u00ed druh\u00e9 karant\u00e9ny. Lid\u00e9, unaven\u00ed po desetilet\u00e9 ekonomick\u00e9 krizi, byli znovu zachv\u00e1ceni nejen strachem z\u00a0nemoci, ale tak\u00e9 finan\u010dn\u00ed nejistotou. V\u011bt\u0161ina z\u00a0nich se \u017eiv\u00ed obchodem nebo turistick\u00fdm ruchem, oboj\u00ed je te\u010f znemo\u017en\u011bno. Pesimismus a zoufal\u00fd hn\u011bv se vzn\u00e1\u0161\u00ed [&hellip;]","og_url":"https:\/\/kalliopi-anthi.gr\/cs\/cemu-mam-verit\/","og_site_name":"Kalliopi Anthi","article_published_time":"2020-12-20T15:17:19+00:00","og_image":[{"width":1920,"height":1280,"url":"https:\/\/kalliopi-anthi.gr\/wp-content\/uploads\/2020\/03\/world-4952390_1920.jpg","type":"image\/jpeg"}],"author":"vasspilka","twitter_card":"summary_large_image","twitter_misc":{"Napsal(a)":"vasspilka","Odhadovan\u00e1 doba \u010dten\u00ed":"18 minut"},"schema":{"@context":"https:\/\/schema.org","@graph":[{"@type":"WebPage","@id":"https:\/\/kalliopi-anthi.gr\/cs\/cemu-mam-verit\/","url":"https:\/\/kalliopi-anthi.gr\/cs\/cemu-mam-verit\/","name":"\u010cemu m\u00e1m v\u011b\u0159it? - Kalliopi Anthi","isPartOf":{"@id":"https:\/\/kalliopi-anthi.gr\/#website"},"datePublished":"2020-12-20T15:17:19+00:00","dateModified":"2020-12-20T15:17:19+00:00","author":{"@id":"https:\/\/kalliopi-anthi.gr\/#\/schema\/person\/627b7a4ad60258e13c5212b1a74647a3"},"breadcrumb":{"@id":"https:\/\/kalliopi-anthi.gr\/cs\/cemu-mam-verit\/#breadcrumb"},"inLanguage":"cs","potentialAction":[{"@type":"ReadAction","target":["https:\/\/kalliopi-anthi.gr\/cs\/cemu-mam-verit\/"]}]},{"@type":"BreadcrumbList","@id":"https:\/\/kalliopi-anthi.gr\/cs\/cemu-mam-verit\/#breadcrumb","itemListElement":[{"@type":"ListItem","position":1,"name":"Home","item":"https:\/\/kalliopi-anthi.gr\/cs\/"},{"@type":"ListItem","position":2,"name":"\u010cemu m\u00e1m v\u011b\u0159it?"}]},{"@type":"WebSite","@id":"https:\/\/kalliopi-anthi.gr\/#website","url":"https:\/\/kalliopi-anthi.gr\/","name":"Kalliopi Anthi","description":"Poradce osobn\u00edho rozvoje","potentialAction":[{"@type":"SearchAction","target":{"@type":"EntryPoint","urlTemplate":"https:\/\/kalliopi-anthi.gr\/?s={search_term_string}"},"query-input":"required name=search_term_string"}],"inLanguage":"cs"},{"@type":"Person","@id":"https:\/\/kalliopi-anthi.gr\/#\/schema\/person\/627b7a4ad60258e13c5212b1a74647a3","name":"vasspilka","url":"https:\/\/kalliopi-anthi.gr\/cs\/author\/vasspilka\/"}]}},"_links":{"self":[{"href":"https:\/\/kalliopi-anthi.gr\/cs\/wp-json\/wp\/v2\/posts\/1469"}],"collection":[{"href":"https:\/\/kalliopi-anthi.gr\/cs\/wp-json\/wp\/v2\/posts"}],"about":[{"href":"https:\/\/kalliopi-anthi.gr\/cs\/wp-json\/wp\/v2\/types\/post"}],"author":[{"embeddable":true,"href":"https:\/\/kalliopi-anthi.gr\/cs\/wp-json\/wp\/v2\/users\/2"}],"replies":[{"embeddable":true,"href":"https:\/\/kalliopi-anthi.gr\/cs\/wp-json\/wp\/v2\/comments?post=1469"}],"version-history":[{"count":1,"href":"https:\/\/kalliopi-anthi.gr\/cs\/wp-json\/wp\/v2\/posts\/1469\/revisions"}],"predecessor-version":[{"id":1470,"href":"https:\/\/kalliopi-anthi.gr\/cs\/wp-json\/wp\/v2\/posts\/1469\/revisions\/1470"}],"wp:featuredmedia":[{"embeddable":true,"href":"https:\/\/kalliopi-anthi.gr\/cs\/wp-json\/wp\/v2\/media\/1298"}],"wp:attachment":[{"href":"https:\/\/kalliopi-anthi.gr\/cs\/wp-json\/wp\/v2\/media?parent=1469"}],"wp:term":[{"taxonomy":"category","embeddable":true,"href":"https:\/\/kalliopi-anthi.gr\/cs\/wp-json\/wp\/v2\/categories?post=1469"},{"taxonomy":"post_tag","embeddable":true,"href":"https:\/\/kalliopi-anthi.gr\/cs\/wp-json\/wp\/v2\/tags?post=1469"}],"curies":[{"name":"wp","href":"https:\/\/api.w.org\/{rel}","templated":true}]}}