{"id":419,"date":"2018-11-29T09:01:29","date_gmt":"2018-11-29T07:01:29","guid":{"rendered":"http:\/\/gocreations.info\/kalliopianthi\/?p=419"},"modified":"2020-03-17T00:05:19","modified_gmt":"2020-03-16T22:05:19","slug":"kalli-radi-20-o-pomahani-a-ceskych-pratelich-v-cizine","status":"publish","type":"post","link":"https:\/\/kalliopi-anthi.gr\/cs\/kalli-radi-20-o-pomahani-a-ceskych-pratelich-v-cizine\/","title":{"rendered":"Kalli rad\u00ed (20) &#8211; O pom\u00e1h\u00e1n\u00ed a \u010desk\u00fdch p\u0159\u00e1tel\u00edch v cizin\u011b"},"content":{"rendered":"<p><em>Mil\u00e1 Kalli,<\/em><\/p>\n<p><em>v Tv\u00e9m posledn\u00edm p\u0159\u00edsp\u011bvku m\u011b zaujala tato pas\u00e1\u017e:<\/em><\/p>\n<p>&#8222;Kdyby \u010dlov\u011bk z\u016fstal ve sv\u00e9m rodi\u0161ti, p\u0159\u00e1telil by se s lidmi, se kter\u00fdmi by m\u011bl podobn\u00e9 z\u00e1jmy nebo n\u00e1zor na sv\u011bt, nesna\u017eil by se st\u00fdkat i s t\u011bmi, kte\u0159\u00ed se k n\u011bmu nehod\u00ed. V cizin\u011b je to jinak. Dokud si n\u011bkdo nenajde \u0159eck\u00e9 p\u0159\u00e1tele, \u201emus\u00ed\u201c \u201ebr\u00e1t, co je\u201c. \u010casto se i nut\u00edme do vztah\u016f, kter\u00e9 pova\u017eujeme za spole\u010denskou povinnost, aby n\u00e1s neodsoudili lid\u00e9, na kter\u00fdch n\u00e1m t\u0159eba tolik nez\u00e1le\u017e\u00ed jako na osobnostech, ale kte\u0159\u00ed jsou v na\u0161\u00edch o\u010d\u00edch spojen\u00edm s \u201e\u010desk\u00fdm \u017eivlem\u201c.&#8220;<\/p>\n<p><em>Moji mysl \u010dasto okupuje my\u0161len\u03baa, pr\u00e1v\u011b s t\u00edmto souvisej\u00edc\u00ed. Pokus\u00edm se ji zformulovat a budu moc r\u00e1da za jak\u00fdkoliv Tv\u016fj poznatek. V \u0158ecku jsem byla p\u0159es sv\u00e9 nejte\u017e\u0161\u00ed za\u010d\u00e1tky sama, bez jak\u00e9hokoliv kontaktu na jin\u00e9ho \u010cecha. Tenkr\u00e1t bych dala cokoliv si s n\u011bk\u00fdm popov\u00eddat ve sv\u00e9 rodn\u00e9 \u0159e\u010di, \u0159e\u0161ila jsem to opravdu \u010dast\u00fdmi n\u00e1vraty do \u010cR a komunikac\u00ed s p\u0159\u00e1teli po internetu. Po n\u011bkolika letech jsem se nau\u010dila komunikativn\u011b jazyk i v\u011bt\u0161\u00ed samostatnosti, poznala dostatek lid\u00ed kolem a s t\u00edm se vytratila i d\u0159\u00edv\u011bj\u0161\u00ed touha hledat \u010desk\u00e9 p\u0159\u00e1tel\u00e9 za ka\u017edou cenu. D\u00edky soci\u00e1ln\u00edm s\u00edt\u00edm si pozd\u011bji na\u0161lo n\u011bkolik \u010ce\u0161ek z okol\u00ed m\u011b, v\u011bt\u0161inou zde byly krat\u0161\u00ed dobu, pot\u0159ebovaly \u010dasto pomoci s r\u016fzn\u00fdmi v\u011bcmi a j\u00e1 byla v\u011bt\u0161inou ochotn\u00e1, vzpom\u00ednaj\u00edc na sv\u00e9 t\u011b\u017ek\u00e9 za\u010d\u00e1tky. P\u00e1r jich ode\u0161lo, p\u00e1r p\u0159i\u0161lo, ale j\u00e1 dr\u017e\u00edm celkem negativn\u00ed pohled na v\u011bt\u0161inu,se kterou jsem m\u011bla tu \u010dest. Zneu\u017e\u00edv\u00e1n\u00ed, nespolehlivost, jedn\u00e1n\u00ed ve vlastn\u00ed prosp\u011bch apod. bylo \u010dast\u00fdm spole\u010dn\u00fdm jevem. Tak\u00e9 se nena\u0161la vlastn\u011b \u017e\u00e1dn\u00e1, se kterou bych m\u011bla n\u011bco spole\u010dn\u00e9ho, krom narozen\u00ed v \u010cesku a sou\u010dasn\u00e9ho \u017eivota v \u0158ecku. S n\u011bkolika te\u010f udr\u017euji kontakt ze slu\u0161nosti, celkem se br\u00e1n\u00edm pozn\u00e1v\u00e1n\u00ed dal\u0161\u00edch, proto\u017ee u\u017e postr\u00e1d\u00e1m d\u016fv\u011bru i chu\u0165 a s t\u00edm souvis\u00ed i m\u016fj dotaz, n\u011bkdy opravdu nev\u00edm jak jednat s lidmi z na\u0161\u00ed vlasti, se kter\u00fdmi bych se ve sv\u00e9 zemi nesetk\u00e1vala a nechodila na k\u00e1vu, pravd\u011bpodobn\u011b jim ani nikterak nepom\u00e1hala, kter\u00e9 tak\u00e9 bohu\u017eel pova\u017euji v mnoha sm\u011brech za zvl\u00e1\u0161tn\u00ed, rozd\u00edln\u00e9, n\u011bkter\u00e9 p\u0159\u00edpady tak\u00e9 za siln\u011b nevzd\u011blan\u00e9 a\u017e hloup\u00e9, bohu\u017eel i probl\u00e9mov\u00e9 nebo s jin\u00fdm stylem \u017eivota a pohledem na sv\u011bt a rozhovory s nimi \u00fanavn\u00e9, vysiluj\u00edc\u00ed a stagnuj\u00edc\u00ed. Samoz\u0159ejm\u011b jim nic takov\u00e9ho ned\u00e1vam v\u00fdrazn\u011b najevo, nechci se zap\u00edrat, kdy\u017e se mi ozvou, ani se jinak vymlouvat, ale nev\u00edm jak se k t\u011bmto setk\u00e1n\u00edm, kter\u00e9 mi vlastn\u011b nic ned\u00e1vaj\u00ed, sp\u00ed\u0161e berou (\u010das i energii) stav\u011bt. \u010casto sl\u00fdch\u00e1v\u00e1m, abych se neobklopovala lidmi, kte\u0159\u00ed za to nestoj\u00ed a kte\u0159\u00ed mi sp\u00ed\u0161e p\u0159id\u00e1vaj\u00ed starosti, ale jak to v t\u00e9 na\u0161\u00ed mal\u00e9 spole\u010dn\u00e9 komunit\u011b ud\u011blat. Nechci b\u00fdt na nikoho zl\u00e1, pokud mi vylo\u017een\u011b neubl\u00ed\u017euje&#8230; Z\u00e1rove\u0148 si \u0159\u00edk\u00e1m, jestli mi tenkr\u00e1t na za\u010d\u00e1tku, bez t\u011bchto lid\u00ed kolem, kte\u0159\u00ed m\u011b n\u011bkdy opravdu dok\u00e1\u017eou \u00fapln\u011b &#8222;vys\u00e1t&#8220; nebylo vlastn\u011b l\u00e9pe&#8230; Od jedn\u00e9 star\u0161\u00ed cizinky jsem tady jednou sly\u0161ela, \u017ee spole\u010dn\u00fd jazyk z lid\u00ed neud\u011bl\u00e1 p\u0159\u00e1tel\u00e9 a teprv s n\u011bkolika zku\u0161enostmi jsem za\u010dala ch\u00e1pat, jak velkou pravdu m\u011bla. M\u00e1m se prost\u011b nau\u010dit \u017e\u00edt v t\u00e9hle komunit\u011b neopravdov\u00fdch p\u0159\u00e1telstv\u00ed? Je \u010de\u0161tina a slu\u0161n\u00e9 vychov\u00e1n\u00ed d\u016fvodem tyto vztahy udr\u017eovat, co si o tom mysl\u00ed\u0161? <\/em><\/p>\n<p><em>D\u011bkuji, s pozdravem V\u011brn\u00e1 \u010dten\u00e1\u0159ka<\/em><\/p>\n<p><img decoding=\"async\" loading=\"lazy\" class=\"size-medium wp-image-1231 aligncenter\" src=\"https:\/\/kalliopi-anthi.gr\/wp-content\/uploads\/2018\/11\/ruce-v-kruhu-300x200.jpg\" alt=\"\" width=\"300\" height=\"200\" srcset=\"https:\/\/kalliopi-anthi.gr\/wp-content\/uploads\/2018\/11\/ruce-v-kruhu-300x200.jpg 300w, https:\/\/kalliopi-anthi.gr\/wp-content\/uploads\/2018\/11\/ruce-v-kruhu-768x512.jpg 768w, https:\/\/kalliopi-anthi.gr\/wp-content\/uploads\/2018\/11\/ruce-v-kruhu-1024x683.jpg 1024w, https:\/\/kalliopi-anthi.gr\/wp-content\/uploads\/2018\/11\/ruce-v-kruhu.jpg 2048w\" sizes=\"(max-width: 300px) 100vw, 300px\" \/><\/p>\n<p>Ahoj V\u011brn\u00e1 \u010dten\u00e1\u0159ko! \ud83d\ude42 D\u00edky za zaj\u00edmav\u00fd dotaz! Mysl\u00edm, \u017ee rozpaky a rozmrzelost z toho, kdy\u017e m\u00e1me b\u00fdt v kontaktu s lidmi, kte\u0159\u00ed n\u00e1m moc nesed\u00ed, zn\u00e1me v\u0161ichni\u2026. Ale z \u010deho vlastn\u011b ty negativn\u00ed pocity pramen\u00ed? A co s t\u00edm?<\/p>\n<p>Prvn\u00ed odpov\u011b\u010f, kter\u00e1 v tu chv\u00edli \u010dlov\u011bka napadne, je: \u201c\u017divot je kr\u00e1tk\u00fd, \u010das rychle ut\u00edk\u00e1 a je \u0161koda ka\u017ed\u00e9 chv\u00edle, kterou si neu\u017eijeme. Pro\u010d ztr\u00e1cet \u010das a energii s probl\u00e9mov\u00fdmi lidmi? Zbav se jich a bu\u010f jenom s t\u011bmi, se kter\u00fdmi ti je dob\u0159e!!!\u201d Nen\u00ed to odpov\u011b\u010f \u0161patn\u00e1, ale, jak u\u017e to tak u t\u011bch rychl\u00fdch a &#8222;nasnad\u011b\u201d odpov\u011bd\u00ed b\u00fdv\u00e1, je trochu povrchn\u00ed. Je v n\u00ed kus pravdy, ale ne cel\u00e1\u2026.!<\/p>\n<p>Kdybychom se v \u017eivot\u011b omezili pouze na \u010dinnosti, kter\u00e9 jsou n\u00e1m p\u0159\u00edjemn\u00e9, a na okruh lid\u00ed zn\u00e1m\u00fdch a obl\u00edben\u00fdch, tak se pravd\u011bpodobn\u011b nehneme od obrazovky a party spolu\u017e\u00e1k\u016f ze z\u00e1kladky\u2026 \ud83d\ude42 Pr\u00e1v\u011b nov\u00e9 v\u011bci a lid\u00e9 s pot\u00ed\u017eemi, s odli\u0161n\u00fdmi n\u00e1zory a pohledem na sv\u011bt, jsou pro n\u00e1s mo\u017enost\u00ed, jak se s nimi \u201esrovnat\u201c. A to ne pouze ve smyslu srovn\u00e1n\u00ed &#8211; hodnocen\u00ed (<em>\u201eO kolik jsem na<\/em> <em>tom l\u00e9pe!\u201c<\/em>) ale ve smyslu srovn\u00e1n\u00ed\u2013vyrovn\u00e1n\u00ed\u2013uveden\u00ed do rovnov\u00e1hy. Ka\u017ed\u00e1 n\u00e1ro\u010dn\u00e1 \u017eivotn\u00ed situace a setk\u00e1n\u00ed s jin\u00fdm \u010dlov\u011bkem, je podle m\u00e9ho n\u00e1zoru, p\u0159\u00edle\u017eitost k lep\u0161\u00edmu pozn\u00e1n\u00ed sebe sama.<\/p>\n<p>Podle toho, co p\u00ed\u0161e\u0161, jsi zpo\u010d\u00e1tku souc\u00edtila s \u010derstv\u011b p\u0159ist\u011bhoval\u00fdmi \u010ce\u0161kami a byla jsi ochotn\u00e1 jim pom\u00e1hat. To je p\u0159irozen\u00e9. V\u011b\u0159\u00edm, \u017ee soucit a tendence pom\u00e1hat slab\u0161\u00edm, je lidem vrozen\u00e1, a p\u0159edev\u0161\u00edm u d\u011bt\u00ed je to hodn\u011b dob\u0159e vid\u011bt. Pokud nedojde k n\u011bjak\u00e9 negativn\u00ed zku\u0161enosti, kdy je \u010dlov\u011bk za svoji pomoc pon\u00ed\u017een \u010di potrest\u00e1n, kdy \u017e\u00e1rl\u00ed nebo se c\u00edt\u00ed zneu\u017eit, tak p\u0159irozen\u011b jedn\u00e1 i v dosp\u011blosti jako \u201epomocn\u00edk a ochr\u00e1nce\u201c.<\/p>\n<p>Vezm\u011bme si mal\u00e9 d\u00edt\u011b, kter\u00e9 je hodn\u011b egocentrick\u00e9, neboli hodn\u011b zam\u011b\u0159en\u00e9 samo na sebe. Pro\u010d vlastn\u011b ho bav\u00ed pom\u00e1hat slab\u0161\u00edm a men\u0161\u00edm d\u011btem nebo zv\u00ed\u0159at\u016fm? Pro\u010d \u010dasto sleduje p\u0159i r\u016fzn\u00fdch \u010dinnostech sv\u00e9 rodi\u010de nebo babi\u010dku a d\u011bdu a chce se na v\u0161em pod\u00edlet? Co z\u00edsk\u00e1v\u00e1 t\u00edm, \u017ee n\u011bkomu pom\u016f\u017ee?<\/p>\n<p><strong>Sebepotvrzen\u00ed:<\/strong> Pomoc\u00ed pomoci slab\u0161\u00edmu kamar\u00e1dovi si uv\u011bdom\u00ed sn\u00e1ze svoji s\u00edlu. Kdy\u017e vysv\u011btl\u00ed spolu\u017e\u00e1kovi n\u011bco, \u010demu nerozum\u00ed, uv\u011bdom\u00ed si sv\u00e9 znalosti. Kdy\u017e dob\u011bhne pro n\u011bco babi\u010dce, uv\u011bdom\u00ed si svoji mr\u0161tnost a rychlost. Kdy\u017e pom\u016f\u017ee obl\u00e9ct men\u0161\u00ed sest\u0159i\u010dku, uv\u011bdom\u00ed si svoje schopnosti a samostatnost. V\u0161echny kvality, jako je t\u011blesn\u00e1 s\u00edla, bystrost, zralost, velkorysost, soucitnost, \u0161t\u011bdrost a mnoho dal\u0161\u00edch, si uv\u011bdomujeme pr\u00e1v\u011b t\u00edm, \u017ee n\u00e1m je <em>uk\u00e1\u017ee<\/em> ten, kdo je zat\u00edm nem\u00e1 v takov\u00e9 m\u00ed\u0159e, ten, kdo pot\u0159ebuje na\u0161i pomoc.<\/p>\n<p><strong> Komunikace: <\/strong>Pomoc\u00ed pomoci druh\u00fdm se d\u00edt\u011b <em>zviditeln\u00ed<\/em> a d\u00e1 najevo sv\u016fj pozitivn\u00ed z\u00e1m\u011br <em>(\u201eVid\u00ed\u0161,<\/em> <em>jak\u00fd jsem \u0161ikovn\u00fd? Jak\u00e1 jsem hodn\u00e1?\u201c). <\/em> Pom\u00e1h\u00e1n\u00edm rovn\u011b\u017e vytv\u00e1\u0159\u00edme kontakt a vazbu. Pod\u00edl\u00edme se na n\u011b\u010dem spole\u010dn\u011b a to d\u00e1v\u00e1 p\u0159\u00edjemn\u00fd pocit soun\u00e1le\u017eitosti (\u017ee jsme \u010dleni stejn\u00e9 rodiny, party, sportovn\u00edho odd\u00edlu nebo n\u00e1roda).<\/p>\n<p><strong>Osobn\u00ed v\u00fdvoj: <\/strong>Pomoc\u00ed pomoci dosp\u011bl\u00fdm se d\u00edt\u011b nau\u010d\u00ed mnoha \u010dinnostem a porozum\u00ed mnoha v\u011bcem. Ale i dosp\u011bl\u00fd \u010dlov\u011bk je \u010dasto <em>motivov\u00e1n<\/em> k tomu, aby vyzkou\u0161el n\u011bco nov\u00e9ho, aby z\u00edskal nov\u00e9 informace, nebo vymyslel jinou strategii, pokud si p\u0159eje poskytnout n\u011bkomu \u00fa\u010dinnou pomoc.<\/p>\n<p><strong>Pocit tv\u016frce: <\/strong>Pomoc\u00ed pomoci z\u00edsk\u00e1v\u00e1me pocit, \u017ee m\u016f\u017eeme zm\u011bnit b\u011bh ud\u00e1lost\u00ed. Kdy\u017e nap\u0159. d\u00edt\u011b vypipl\u00e1 mal\u00e9 ko\u0165\u00e1tko, kter\u00e9 by jinak nep\u0159e\u017eilo, v\u00ed, \u017ee dok\u00e1zalo n\u011bco <em>mimo\u0159\u00e1dn\u00e9ho<\/em>, \u017ee <em>ovlivnilo osud<\/em> <em>jin\u00e9 bytosti<\/em>, \u017ee j\u00ed dalo \u0161anci \u017e\u00edt a \u010dasem p\u0159iv\u00e9st na sv\u011bt dal\u0161\u00ed ko\u0165\u00e1tka. To je bo\u017esky kr\u00e1sn\u00fd pocit!:-) Podobn\u011b se c\u00edt\u00ed tren\u00e9r, kter\u00fd rozpozn\u00e1 talent v mlad\u00e9m sportovci a pom\u016f\u017ee mu st\u00e1t se t\u00edm, \u010d\u00edm by se bez tren\u00e9rovy pomoci (zku\u0161enost\u00ed, d\u016fv\u011bry a vize) s\u00e1m st\u00e1t nedok\u00e1zal. Tento pocit tvo\u0159en\u00ed a propojen\u00ed s osudy jin\u00fdch lid\u00ed d\u00e1v\u00e1 na\u0161emu \u017eivotu smysl.<\/p>\n<p>Jak je vid\u011bt, pom\u00e1h\u00e1n\u00edm druh\u00fdm pom\u00e1h\u00e1me sami sob\u011b, zp\u016fsobujeme si radost, dob\u00edj\u00edme si \u201ebaterky\u201c, vn\u00edm\u00e1me se pln\u011bji. \u010clov\u011bk, kter\u00fd se rozhodne nepom\u00e1hat ostatn\u00edm, se vzd\u00e1 v\u00fdznamn\u00e9ho zdroje vlastn\u00ed radosti a uspokojen\u00ed.<\/p>\n<p>Pro\u010d se m\u016f\u017ee pom\u00e1haj\u00edc\u00ed c\u00edtit negativn\u011b a vys\u00edlen? Proto\u017ee, a\u010dkoliv je pom\u00e1h\u00e1n\u00ed samo o sob\u011b dobr\u00e9, plat\u00ed v n\u011bm ur\u010dit\u00e1 pravidla, kter\u00e1 je radno dodr\u017eovat:<\/p>\n<ul>\n<li><u>Svobodn\u00e1 volba<\/u> (Nikdy nikomu nepom\u00e1hej, kdy\u017e se ti nechce. Pokud m\u00e1\u0161 vnit\u0159n\u00ed konflikt, proto\u017ee <em>v\u011b\u0159\u00ed\u0161, \u017ee mus\u00ed\u0161 pomoct<\/em>, ale p\u0159itom nem\u00e1\u0161 \u010das, energii nebo n\u00e1ladu, tehdy ti pomoc radost nep\u0159inese. Naopak, bude\u0161 p\u0159et\u00ed\u017een\u00e1 a nav\u00edc bude\u0161 m\u00edt vztek, proto\u017ee bude\u0161 potla\u010dovat vlastn\u00ed pocity a sna\u017eit se tv\u00e1\u0159it p\u0159\u00edjemn\u011b. <em>Pom\u00e1hat nen\u00ed povinnost, je to p\u0159\u00edle\u017eitost!!)<\/em><\/li>\n<\/ul>\n<ul>\n<li><u>Respekt k druh\u00e9mu<\/u> (Nikdy nepom\u00e1hej n\u011bkomu, kdo si o pomoc nepo\u017e\u00e1d\u00e1. \u010casto m\u00e1me pocit, \u017ee jsme se zap\u0159eli, abychom druh\u00e9mu pomohli, a o\u010dek\u00e1v\u00e1me od n\u011bj uzn\u00e1n\u00ed, ale on v\u011b\u0159\u00ed, \u017ee jsme to ud\u011blali sv\u00e9voln\u011b. M\u016f\u017ee n\u00e1s nakonec i kritizovat, \u017ee mu zasahujeme do jeho z\u00e1le\u017eitost\u00ed. Takov\u00e9 zklam\u00e1n\u00ed t\u011b samoz\u0159ejm\u011b roztrp\u010d\u00ed a vys\u00edl\u00ed.)<\/li>\n<\/ul>\n<ul>\n<li><u>Rovnov\u00e1ha<\/u> (Zamysli se nad t\u00edm, zda je n\u011bco, co by pro tebe tv\u00e1 nov\u00e1 kamar\u00e1dka mohla ud\u011blat. P\u0159esto, \u017ee je m\u00ed\u0148 zku\u0161en\u00e1, mlad\u0161\u00ed atd., jist\u011b by se dalo naj\u00edt n\u011bco, s \u010d\u00edm by mohla i ona b\u00fdt pro tebe cenn\u00e1. Po\u017e\u00e1dej ji o n\u011bjakou pomoc. Pokud uvid\u00ed\u0161, \u017ee z\u00e1jem je pouze jednostrann\u00fd, \u017ee nereaguje na tvoje \u017e\u00e1dosti, pak zm\u00edrni nebo zastav svoji podporu. St\u00e1v\u00e1 se ale, \u017ee n\u011bkdy si st\u011b\u017eujeme na vypo\u010d\u00edtavost jin\u00fdch lid\u00ed, ale sou\u010dasn\u011b jim ned\u00e1me \u017e\u00e1dnou \u0161anci, jak n\u00e1m b\u00fdt n\u011bjak\u00fdm zp\u016fsobem u\u017eite\u010dn\u00ed.<\/li>\n<\/ul>\n<ul>\n<li><u>Nastaven\u00ed hranic<\/u> (To, \u017ee n\u011bkomu pom\u016f\u017ee\u0161 jednou, neznamen\u00e1, \u017ee mu mus\u00ed\u0161 pom\u00e1hat po\u0159\u00e1d. Nastav si hranice a pokud se nejedn\u00e1 o \u010dleny rodiny, kter\u00e9 si pust\u00ed\u0161 k t\u011blu bl\u00ed\u017e, ostatn\u00edm pom\u00e1hej jenom do t\u00e9 m\u00edry, do kter\u00e9 t\u011b to t\u011b\u0161\u00ed. Pak tak\u00e9 nebude\u0161 m\u00edt pot\u0159ebu, aby ti byli vd\u011b\u010dn\u00ed, proto\u017ee <em>\u201epot\u011b\u0161en\u00ed bude na tv\u00e9<\/em> <em>stran\u011b!\u201c)<\/em><\/li>\n<\/ul>\n<p>&nbsp;<\/p>\n<p>P\u0159ipad\u00e1 mi, \u017ee p\u0159\u00ed\u010dinou tv\u00e9ho \u201evys\u00e1t\u00ed\u201c nebyla ani tak \u00farove\u0148 d\u00edvek, kter\u00fdm jsi pom\u00e1hala, ani pomoc jako takov\u00e1. (Kdy\u017e p\u00ed\u0161u slovo pomoc, m\u00e1m na mysli jakoukoliv podporu, i to naj\u00edt si \u010das si s n\u011bk\u00fdm popov\u00eddat. Prost\u011b jak\u00fdkoliv kontakt, kter\u00fd je druh\u00e9mu prosp\u011b\u0161n\u00fd). P\u0159\u00ed\u010dinou je sp\u00ed\u0161 potla\u010den\u00ed tv\u00fdch pocit\u016f, kdy jsi se nutila do kontaktu, kter\u00fd ti nebyl p\u0159\u00edjemn\u00fd. Tady je d\u016fle\u017eit\u00e9 m\u00edt dostatek sebel\u00e1sky a sebed\u016fv\u011bry, kter\u00fd umo\u017en\u00ed \u0159\u00edct druh\u00fdm: \u201eNe, bohu\u017eel nem\u016f\u017eu!\u201c nebo \u201eDneska se mi nechce, promi\u0148!\u201c. Sebed\u016fv\u011bra znamen\u00e1, \u017ee d\u016fv\u011b\u0159uje\u0161 sama sob\u011b, \u017ee jsi dobr\u00fd \u010dlov\u011bk, i kdy\u017e n\u011bkdy \u0159ekne\u0161 \u201eNe!!\u201c A je naprosto v po\u0159\u00e1dku, kdy\u017e si bude\u0161 vyb\u00edrat lidi, se kter\u00fdmi se chce\u0161 p\u0159\u00e1telit. M\u016f\u017ee\u0161 n\u011bkomu pomoct a p\u0159itom se n\u00edm nekamar\u00e1dit. \u0158\u00edct mu, \u201eTohle pro tebe ud\u011bl\u00e1m, ale na kafe se mnou nepo\u010d\u00edtej!\u201c M\u00e1\u0161 pr\u00e1vo b\u00fdt sama sebou! A nech ostatn\u00ed, a\u0165 jsou, jac\u00ed jsou. Pokud sami nebudou cht\u00edt, stejn\u011b je nep\u0159ed\u011bl\u00e1\u0161! Nav\u00edc, kdo v\u00ed, t\u0159eba je n\u011bkdo jin\u00fd bude cht\u00edt pr\u00e1v\u011b takov\u00e9, jac\u00ed jsou&#8230;! \ud83d\ude42<\/p>\n<p>Nejd\u016fle\u017eit\u011bj\u0161\u00ed je, abychom si byli v\u011bdomi vlastn\u00edch pocit\u016f, abychom naslouchali sami sob\u011b a up\u0159\u00edmn\u011b si p\u0159iznali, kdy\u017e se n\u00e1m n\u011bco nel\u00edb\u00ed. A pak, bez kritiky nebo napad\u00e1n\u00ed, dali najevo na\u0161e pot\u0159eby i t\u011bm druh\u00fdm. Po letech zku\u0161enost\u00ed a tis\u00edc\u00edch p\u0159\u00edb\u011bh\u016f, o kter\u00e9 se se mnou pod\u011blili m\u00ed klienti, jsem dosp\u011bla k z\u00e1v\u011bru, \u017ee negativita, kterou c\u00edt\u00edme, p\u0159ev\u00e1\u017en\u011b pramen\u00ed z na\u0161ich nev\u011bdom\u00fdch negativn\u00edch pocit\u016f, mnohem m\u00e9n\u011b z jin\u00fdch lid\u00ed nebo situac\u00ed.<\/p>\n<p>Zam\u00fd\u0161l\u00edm se nad t\u00edm, \u017ee p\u00ed\u0161e\u0161, \u017ee v\u011bt\u0161ina \u010ce\u0161ek na tebe ud\u011blala negativn\u00ed dojem. N\u011bkdo by mohl odvodit z\u00e1v\u011br, \u017ee \u010ce\u0161ky, jako takov\u00e9, jsou nespolehliv\u00e9, probl\u00e9mov\u00e9, hloup\u00e9, nesamostatn\u00e9 atd. Ale to \u00fapln\u011b tak statisticky nesed\u00ed, nem\u016f\u017eou takov\u00e9 b\u00fdt <em>skoro v\u0161echny! <\/em>Mysl\u00edm, \u017ee ten zakopan\u00fd pes je n\u011bkde jinde. Mo\u017en\u00e1 je v tom, \u017ee se pr\u00e1v\u011b p\u0159ist\u011bhovaly do nov\u00e9ho, nezn\u00e1m\u00e9ho prost\u0159ed\u00ed. Co se stane ve chv\u00edli, kdy n\u011bkdo, t\u0159eba i \u00fasp\u011b\u0161n\u00fd a s vysok\u00fdm sebev\u011bdom\u00edm, odejde ze sv\u00e9ho rodi\u0161t\u011b a objev\u00ed se v ciz\u00ed zemi, kde se nedomluv\u00ed a nev\u00ed si rady s \u00fapln\u011b oby\u010dejn\u00fdmi v\u011bcmi? Kdy\u017e se nevyzn\u00e1 v z\u00e1kladn\u00edch potravin\u00e1ch a m\u00edsto tvrd\u00e9ho tvarohu si p\u0159inese domu fetu? Kdy\u017e pot\u0159ebuje tlumo\u010dn\u00edka, aby koupil spr\u00e1vn\u00fd lak nebo \u0159edidlo? Kdy\u017e m\u00e1 pocit, \u017ee se lid\u00e9 okolo n\u011bj dokrve h\u00e1daj\u00ed a oni si p\u0159itom jen tak temperamentn\u011b pov\u00eddaj\u00ed? Kdy\u017e jde na \u00fa\u0159ad s pocitem, \u017ee v\u00ed, co pot\u0159ebuje a \u017ee to bude snadn\u00e9 z\u00edskat, a odejde tot\u00e1ln\u011b zmaten\u00fd? Kdy\u017e v\u0161e, na co byl zvykl\u00fd, je najednou jinak? Mysl\u00edm, \u017ee v tu chv\u00edli se doty\u010dn\u00fd c\u00edt\u00ed, a\u0165 u\u017e si to uv\u011bdomuje, nebo ne, jako mal\u00e9 d\u00edt\u011b. Najednou se dostane do role, na kterou byl kdysi zvykl\u00fd, \u017ee se ho zastane jeho rodina. A tebe, pr\u00e1v\u011b d\u00edky <em>\u201e\u010desk\u00e9mu spole\u010denstv\u00ed\u201c, <\/em>automaticky bere jako star\u0161\u00edho, siln\u011bj\u0161\u00edho \u010dlena rodiny. Pro mlad\u0161\u00ed sest\u0159i\u010dku nebo br\u00e1\u0161ku je p\u0159irozen\u00e9 p\u0159ij\u00edmat pomoc od star\u0161\u00edho sourozence, nebo od m\u00e1my \u010di t\u00e1ty. A ned\u011bl\u00e1 si hlavu s t\u00edm, \u017ee by se za to m\u011bl n\u011bjak revan\u0161ovat. Prost\u011b p\u0159ij\u00edm\u00e1 pomoc, dokud je slab\u0161\u00ed, aby mohl zes\u00edlit.<\/p>\n<p>Tak\u017ee nej\u00fa\u010dinn\u011bj\u0161\u00ed pomoc n\u011bkomu, kdo je n\u011bkde nov\u00fd, je ho zasv\u011btit do toho, jak to tu funguje, a pak ho nechat, a\u0165 se sna\u017e\u00ed. Pokud m\u00e1 pocit, \u017ee to nedok\u00e1\u017ee, tak ho povzbudit a p\u0159ipomenout mu, co v\u0161echno u\u017e dok\u00e1zal v \u010cech\u00e1ch. Taktn\u011b mu nazna\u010dit, \u017ee je dosp\u011bl\u00fd a siln\u00fd. Slu\u0161n\u00e9 vychov\u00e1n\u00ed a up\u0159\u00edmnost se nijak vz\u00e1jemn\u011b nevylu\u010duj\u00ed!!<\/p>\n<p>Dalo by se shrnout, \u017ee: <strong>\u010c\u00edm v\u00edc n\u011bkdo pom\u00e1h\u00e1, t\u00edm se c\u00edt\u00ed zralej\u0161\u00ed, siln\u011bj\u0161\u00ed a dosp\u011blej\u0161\u00ed. \u010c\u00edm v\u00edc si n\u011bkdo nech\u00e1v\u00e1 pomoci, t\u00edm v\u00edc se c\u00edt\u00ed slab\u0161\u00ed, nesamostatn\u011bj\u0161\u00ed a d\u011bt\u0161t\u011bj\u0161\u00ed. <\/strong>Je p\u0159irozen\u00e9, \u017ee ve chv\u00edli, kdy jsme oslaben\u00ed, pot\u0159ebujeme podporu a p\u00e9\u010di. Ale pak se mus\u00edme vzchopit a p\u0159izp\u016fsobit. Je ale pravda, \u017ee n\u011bkte\u0159\u00ed lid\u00e9, jakoby se br\u00e1nili dozr\u00e1t, st\u00e1t se dosp\u011bl\u00fdmi. A\u0165 u\u017e se p\u0159est\u011bhovali do ciziny, nebo z\u016fstali doma, po\u0159\u00e1d vy\u017eaduj\u00ed, aby je n\u011bkdo chr\u00e1nil, aby za n\u011b rozhodoval, aby je litoval, aby jim potvrzoval, \u017ee maj\u00ed pravdu, aby je n\u011bkdo dotoval \u2013 st\u00e1t, p\u0159\u00edbuzn\u00ed nebo kamar\u00e1di atd. atd.<\/p>\n<p>Pokud se n\u011bkdo nechce osamostatnit, proto\u017ee m\u00e1 pocit, \u017ee mu lid\u00e9 a \u017eivot n\u011bco dlu\u017e\u00ed, a tak jen \u010dek\u00e1, co od druh\u00fdch dostane, pokud n\u011bkdo zn\u00e1 pouze svoje pr\u00e1va, ale nikdy si nep\u0159izn\u00e1 i svoje z\u00e1vazky a svoji odpov\u011bdnost, pak se mu ned\u00e1 pomoci. Je to studna beze dna. Energetick\u00fd vysava\u010d. J\u00e1, ve sv\u00e9m osobn\u00edm \u017eivot\u011b, se lidem, kte\u0159\u00ed si ve vlastn\u00ed negativit\u011b libuj\u00ed, rad\u011bji vyh\u00fdb\u00e1m. Tak si \u0161et\u0159\u00edm energii pro sebe, a pro lidi, kte\u0159\u00ed jsou schopn\u00ed ji pozitivn\u011b vyu\u017e\u00edt.<\/p>\n<p>S l\u00e1skou Kalli<\/p>\n<p><a href=\"http:\/\/www.cesivrecku.cz\/kalli-radi-podvacate-2-pokracovani\/#comments\">www.cesivrecku.cz\/kalli-radi-podvacate-2-pokracovani\/#comments<\/a> <span class=\"icon_date\" title=\"datum publikov\u00e1n\u00ed\">20.6.2015<\/span><span class=\"icon_comment\" title=\"po\u010det koment\u00e1\u0159\u016f\"><a href=\"http:\/\/www.cesivrecku.cz\/kalli-radi-podvacate-2-pokracovani\/#comments\">4 koment\u00e1\u0159\u016f<\/a><\/span><\/p>\n<p>Dotazy m\u016f\u017eete pos\u00edlat na: <a href=\"mailto:kalianth@yahoo.gr\">kalianth@yahoo.gr<\/a><\/p>\n<p>&nbsp;<\/p>\n<p>&nbsp;<\/p>\n","protected":false},"excerpt":{"rendered":"<p>Mil\u00e1 Kalli, v Tv\u00e9m posledn\u00edm p\u0159\u00edsp\u011bvku m\u011b zaujala tato pas\u00e1\u017e: &#8222;Kdyby \u010dlov\u011bk z\u016fstal ve sv\u00e9m rodi\u0161ti, p\u0159\u00e1telil by se s lidmi, se kter\u00fdmi by m\u011bl podobn\u00e9 z\u00e1jmy nebo n\u00e1zor na sv\u011bt, nesna\u017eil by se st\u00fdkat i s t\u011bmi, kte\u0159\u00ed se k n\u011bmu nehod\u00ed. V cizin\u011b je to jinak. Dokud si n\u011bkdo nenajde \u0159eck\u00e9 p\u0159\u00e1tele, \u201emus\u00ed\u201c [&hellip;]<\/p>\n","protected":false},"author":1,"featured_media":1233,"comment_status":"open","ping_status":"closed","sticky":false,"template":"","format":"standard","meta":{"footnotes":""},"categories":[17],"tags":[],"acf":[],"yoast_head":"<!-- This site is optimized with the Yoast SEO plugin v21.3 - https:\/\/yoast.com\/wordpress\/plugins\/seo\/ -->\n<title>Kalli rad\u00ed (20) - O pom\u00e1h\u00e1n\u00ed a \u010desk\u00fdch p\u0159\u00e1tel\u00edch v cizin\u011b - Kalliopi Anthi<\/title>\n<meta name=\"robots\" content=\"index, follow, max-snippet:-1, max-image-preview:large, max-video-preview:-1\" \/>\n<link rel=\"canonical\" href=\"https:\/\/kalliopi-anthi.gr\/cs\/kalli-radi-20-o-pomahani-a-ceskych-pratelich-v-cizine\/\" \/>\n<meta property=\"og:locale\" content=\"cs_CZ\" \/>\n<meta property=\"og:type\" content=\"article\" \/>\n<meta property=\"og:title\" content=\"Kalli rad\u00ed (20) - O pom\u00e1h\u00e1n\u00ed a \u010desk\u00fdch p\u0159\u00e1tel\u00edch v cizin\u011b - Kalliopi Anthi\" \/>\n<meta property=\"og:description\" content=\"Mil\u00e1 Kalli, v Tv\u00e9m posledn\u00edm p\u0159\u00edsp\u011bvku m\u011b zaujala tato pas\u00e1\u017e: &#8222;Kdyby \u010dlov\u011bk z\u016fstal ve sv\u00e9m rodi\u0161ti, p\u0159\u00e1telil by se s lidmi, se kter\u00fdmi by m\u011bl podobn\u00e9 z\u00e1jmy nebo n\u00e1zor na sv\u011bt, nesna\u017eil by se st\u00fdkat i s t\u011bmi, kte\u0159\u00ed se k n\u011bmu nehod\u00ed. V cizin\u011b je to jinak. Dokud si n\u011bkdo nenajde \u0159eck\u00e9 p\u0159\u00e1tele, \u201emus\u00ed\u201c [&hellip;]\" \/>\n<meta property=\"og:url\" content=\"https:\/\/kalliopi-anthi.gr\/cs\/kalli-radi-20-o-pomahani-a-ceskych-pratelich-v-cizine\/\" \/>\n<meta property=\"og:site_name\" content=\"Kalliopi Anthi\" \/>\n<meta property=\"article:published_time\" content=\"2018-11-29T07:01:29+00:00\" \/>\n<meta property=\"article:modified_time\" content=\"2020-03-16T22:05:19+00:00\" \/>\n<meta property=\"og:image\" content=\"https:\/\/kalliopi-anthi.gr\/wp-content\/uploads\/2018\/11\/collaboration-community-cooperation-461049.jpg\" \/>\n\t<meta property=\"og:image:width\" content=\"2048\" \/>\n\t<meta property=\"og:image:height\" content=\"1659\" \/>\n\t<meta property=\"og:image:type\" content=\"image\/jpeg\" \/>\n<meta name=\"author\" content=\"gocreations\" \/>\n<meta name=\"twitter:card\" content=\"summary_large_image\" \/>\n<meta name=\"twitter:label1\" content=\"Napsal(a)\" \/>\n\t<meta name=\"twitter:data1\" content=\"gocreations\" \/>\n\t<meta name=\"twitter:label2\" content=\"Odhadovan\u00e1 doba \u010dten\u00ed\" \/>\n\t<meta name=\"twitter:data2\" content=\"15 minut\" \/>\n<script type=\"application\/ld+json\" class=\"yoast-schema-graph\">{\"@context\":\"https:\/\/schema.org\",\"@graph\":[{\"@type\":\"WebPage\",\"@id\":\"https:\/\/kalliopi-anthi.gr\/cs\/kalli-radi-20-o-pomahani-a-ceskych-pratelich-v-cizine\/\",\"url\":\"https:\/\/kalliopi-anthi.gr\/cs\/kalli-radi-20-o-pomahani-a-ceskych-pratelich-v-cizine\/\",\"name\":\"Kalli rad\u00ed (20) - O pom\u00e1h\u00e1n\u00ed a \u010desk\u00fdch p\u0159\u00e1tel\u00edch v cizin\u011b - Kalliopi Anthi\",\"isPartOf\":{\"@id\":\"https:\/\/kalliopi-anthi.gr\/#website\"},\"datePublished\":\"2018-11-29T07:01:29+00:00\",\"dateModified\":\"2020-03-16T22:05:19+00:00\",\"author\":{\"@id\":\"https:\/\/kalliopi-anthi.gr\/#\/schema\/person\/57a756fc630be3db43e4e72ba2f1e99f\"},\"breadcrumb\":{\"@id\":\"https:\/\/kalliopi-anthi.gr\/cs\/kalli-radi-20-o-pomahani-a-ceskych-pratelich-v-cizine\/#breadcrumb\"},\"inLanguage\":\"cs\",\"potentialAction\":[{\"@type\":\"ReadAction\",\"target\":[\"https:\/\/kalliopi-anthi.gr\/cs\/kalli-radi-20-o-pomahani-a-ceskych-pratelich-v-cizine\/\"]}]},{\"@type\":\"BreadcrumbList\",\"@id\":\"https:\/\/kalliopi-anthi.gr\/cs\/kalli-radi-20-o-pomahani-a-ceskych-pratelich-v-cizine\/#breadcrumb\",\"itemListElement\":[{\"@type\":\"ListItem\",\"position\":1,\"name\":\"Home\",\"item\":\"https:\/\/kalliopi-anthi.gr\/cs\/\"},{\"@type\":\"ListItem\",\"position\":2,\"name\":\"Kalli rad\u00ed (20) &#8211; O pom\u00e1h\u00e1n\u00ed a \u010desk\u00fdch p\u0159\u00e1tel\u00edch v cizin\u011b\"}]},{\"@type\":\"WebSite\",\"@id\":\"https:\/\/kalliopi-anthi.gr\/#website\",\"url\":\"https:\/\/kalliopi-anthi.gr\/\",\"name\":\"Kalliopi Anthi\",\"description\":\"Poradce osobn\u00edho rozvoje\",\"potentialAction\":[{\"@type\":\"SearchAction\",\"target\":{\"@type\":\"EntryPoint\",\"urlTemplate\":\"https:\/\/kalliopi-anthi.gr\/?s={search_term_string}\"},\"query-input\":\"required name=search_term_string\"}],\"inLanguage\":\"cs\"},{\"@type\":\"Person\",\"@id\":\"https:\/\/kalliopi-anthi.gr\/#\/schema\/person\/57a756fc630be3db43e4e72ba2f1e99f\",\"name\":\"gocreations\",\"url\":\"https:\/\/kalliopi-anthi.gr\/cs\/author\/gocreations\/\"}]}<\/script>\n<!-- \/ Yoast SEO plugin. -->","yoast_head_json":{"title":"Kalli rad\u00ed (20) - O pom\u00e1h\u00e1n\u00ed a \u010desk\u00fdch p\u0159\u00e1tel\u00edch v cizin\u011b - Kalliopi Anthi","robots":{"index":"index","follow":"follow","max-snippet":"max-snippet:-1","max-image-preview":"max-image-preview:large","max-video-preview":"max-video-preview:-1"},"canonical":"https:\/\/kalliopi-anthi.gr\/cs\/kalli-radi-20-o-pomahani-a-ceskych-pratelich-v-cizine\/","og_locale":"cs_CZ","og_type":"article","og_title":"Kalli rad\u00ed (20) - O pom\u00e1h\u00e1n\u00ed a \u010desk\u00fdch p\u0159\u00e1tel\u00edch v cizin\u011b - Kalliopi Anthi","og_description":"Mil\u00e1 Kalli, v Tv\u00e9m posledn\u00edm p\u0159\u00edsp\u011bvku m\u011b zaujala tato pas\u00e1\u017e: &#8222;Kdyby \u010dlov\u011bk z\u016fstal ve sv\u00e9m rodi\u0161ti, p\u0159\u00e1telil by se s lidmi, se kter\u00fdmi by m\u011bl podobn\u00e9 z\u00e1jmy nebo n\u00e1zor na sv\u011bt, nesna\u017eil by se st\u00fdkat i s t\u011bmi, kte\u0159\u00ed se k n\u011bmu nehod\u00ed. V cizin\u011b je to jinak. Dokud si n\u011bkdo nenajde \u0159eck\u00e9 p\u0159\u00e1tele, \u201emus\u00ed\u201c [&hellip;]","og_url":"https:\/\/kalliopi-anthi.gr\/cs\/kalli-radi-20-o-pomahani-a-ceskych-pratelich-v-cizine\/","og_site_name":"Kalliopi Anthi","article_published_time":"2018-11-29T07:01:29+00:00","article_modified_time":"2020-03-16T22:05:19+00:00","og_image":[{"width":2048,"height":1659,"url":"https:\/\/kalliopi-anthi.gr\/wp-content\/uploads\/2018\/11\/collaboration-community-cooperation-461049.jpg","type":"image\/jpeg"}],"author":"gocreations","twitter_card":"summary_large_image","twitter_misc":{"Napsal(a)":"gocreations","Odhadovan\u00e1 doba \u010dten\u00ed":"15 minut"},"schema":{"@context":"https:\/\/schema.org","@graph":[{"@type":"WebPage","@id":"https:\/\/kalliopi-anthi.gr\/cs\/kalli-radi-20-o-pomahani-a-ceskych-pratelich-v-cizine\/","url":"https:\/\/kalliopi-anthi.gr\/cs\/kalli-radi-20-o-pomahani-a-ceskych-pratelich-v-cizine\/","name":"Kalli rad\u00ed (20) - O pom\u00e1h\u00e1n\u00ed a \u010desk\u00fdch p\u0159\u00e1tel\u00edch v cizin\u011b - Kalliopi Anthi","isPartOf":{"@id":"https:\/\/kalliopi-anthi.gr\/#website"},"datePublished":"2018-11-29T07:01:29+00:00","dateModified":"2020-03-16T22:05:19+00:00","author":{"@id":"https:\/\/kalliopi-anthi.gr\/#\/schema\/person\/57a756fc630be3db43e4e72ba2f1e99f"},"breadcrumb":{"@id":"https:\/\/kalliopi-anthi.gr\/cs\/kalli-radi-20-o-pomahani-a-ceskych-pratelich-v-cizine\/#breadcrumb"},"inLanguage":"cs","potentialAction":[{"@type":"ReadAction","target":["https:\/\/kalliopi-anthi.gr\/cs\/kalli-radi-20-o-pomahani-a-ceskych-pratelich-v-cizine\/"]}]},{"@type":"BreadcrumbList","@id":"https:\/\/kalliopi-anthi.gr\/cs\/kalli-radi-20-o-pomahani-a-ceskych-pratelich-v-cizine\/#breadcrumb","itemListElement":[{"@type":"ListItem","position":1,"name":"Home","item":"https:\/\/kalliopi-anthi.gr\/cs\/"},{"@type":"ListItem","position":2,"name":"Kalli rad\u00ed (20) &#8211; O pom\u00e1h\u00e1n\u00ed a \u010desk\u00fdch p\u0159\u00e1tel\u00edch v cizin\u011b"}]},{"@type":"WebSite","@id":"https:\/\/kalliopi-anthi.gr\/#website","url":"https:\/\/kalliopi-anthi.gr\/","name":"Kalliopi Anthi","description":"Poradce osobn\u00edho rozvoje","potentialAction":[{"@type":"SearchAction","target":{"@type":"EntryPoint","urlTemplate":"https:\/\/kalliopi-anthi.gr\/?s={search_term_string}"},"query-input":"required name=search_term_string"}],"inLanguage":"cs"},{"@type":"Person","@id":"https:\/\/kalliopi-anthi.gr\/#\/schema\/person\/57a756fc630be3db43e4e72ba2f1e99f","name":"gocreations","url":"https:\/\/kalliopi-anthi.gr\/cs\/author\/gocreations\/"}]}},"_links":{"self":[{"href":"https:\/\/kalliopi-anthi.gr\/cs\/wp-json\/wp\/v2\/posts\/419"}],"collection":[{"href":"https:\/\/kalliopi-anthi.gr\/cs\/wp-json\/wp\/v2\/posts"}],"about":[{"href":"https:\/\/kalliopi-anthi.gr\/cs\/wp-json\/wp\/v2\/types\/post"}],"author":[{"embeddable":true,"href":"https:\/\/kalliopi-anthi.gr\/cs\/wp-json\/wp\/v2\/users\/1"}],"replies":[{"embeddable":true,"href":"https:\/\/kalliopi-anthi.gr\/cs\/wp-json\/wp\/v2\/comments?post=419"}],"version-history":[{"count":4,"href":"https:\/\/kalliopi-anthi.gr\/cs\/wp-json\/wp\/v2\/posts\/419\/revisions"}],"predecessor-version":[{"id":1236,"href":"https:\/\/kalliopi-anthi.gr\/cs\/wp-json\/wp\/v2\/posts\/419\/revisions\/1236"}],"wp:featuredmedia":[{"embeddable":true,"href":"https:\/\/kalliopi-anthi.gr\/cs\/wp-json\/wp\/v2\/media\/1233"}],"wp:attachment":[{"href":"https:\/\/kalliopi-anthi.gr\/cs\/wp-json\/wp\/v2\/media?parent=419"}],"wp:term":[{"taxonomy":"category","embeddable":true,"href":"https:\/\/kalliopi-anthi.gr\/cs\/wp-json\/wp\/v2\/categories?post=419"},{"taxonomy":"post_tag","embeddable":true,"href":"https:\/\/kalliopi-anthi.gr\/cs\/wp-json\/wp\/v2\/tags?post=419"}],"curies":[{"name":"wp","href":"https:\/\/api.w.org\/{rel}","templated":true}]}}